{"id":198,"date":"2010-03-21T08:58:07","date_gmt":"2010-03-21T07:58:07","guid":{"rendered":"http:\/\/www.djk-erlangen.de\/verein\/?p=198"},"modified":"2010-03-26T15:06:20","modified_gmt":"2010-03-26T14:06:20","slug":"einladung-zur-jahreshauptversammlung","status":"publish","type":"post","link":"https:\/\/www.djk-erlangen.de\/verein\/?p=198","title":{"rendered":"Jahreshauptversammlung 2010"},"content":{"rendered":"<p style=\"text-align: left;\">Am Freitag, den 19. M\u00e4rz 2010 fand im Saal die Jahreshauptversammlung der DJK Erlangen statt.<\/p>\n<p>Die anwesenden 38 Mitglieder w\u00e4hlten dabei die bestehende Vorstandschaft mit Matthias Distler als ersten Vorsitzenden, Gerhard Trapper als 2. Vorsitzenden und Uwe W\u00fcstner als 3. Vorsitzenden f\u00fcr zwei weitere Jahre. Schatzmeister Siggi H\u00e4ndel wurde ebenso im Amt best\u00e4tigt. Der bisherige Schriftf\u00fchrer Edwin Distler legte nach insgesamt 40 Jahren Vorstandst\u00e4tigkeit , davon die letzten 30 Jahre am St\u00fcck als Schriftf\u00fchrer, sein Amt nieder. Leider fand sich auf der Versammlung kein Nachfolger. Edwin Distler erkl\u00e4rte sich aber dankenswerter Weise bereit, Teile seiner bisherigen Aufgaben weiterzuf\u00fchren. Wir hoffen allerdings, dass sich in den n\u00e4chsten Wochen noch ein Mitglied findet, das das Vorstandsteam vervollst\u00e4ndigt.<\/p>\n<p>Neben den Wahlen konnten auch einige Mitglieder f\u00fcr langj\u00e4hrige Vereinstreue geehrt werden.<br \/>\nDie Sportfreunde Hans Batz, Claus B\u00fchler und Manfred Schuberth konnten f\u00fcr jeweils 50 Jahre Mitgliedschaft geehrt werden.<br \/>\nF\u00fcr 40 Jahre Mitgliedschaft wurden Monika Herdegen, Monika Schreiber, Winfried G\u00fcttler, Friedrich Graef, Kurt Hirsch und Werner Nagengast geehrt.<\/p>\n<p>Neben diesen positiven Themen standen leider auch wieder die Finanzen im Mittelpunkt.<br \/>\nSo musste mitgeteilt werden, dass das Jahr 2009 auf Grund unvorhergesehener Ausgaben nur mit einem Verlust abgeschlossen werden konnte.<br \/>\nDa mit weiteren Ausgaben im Bereich das Bauunterhalts zu rechnen ist, legte die Vorstandschaft ein erstes Konzept f\u00fcr die Dachsanierung vor, das in den n\u00e4chsten Wochen mit der Stadt und der Sparkasse auf Durchf\u00fchrbarkeit und Finanzierbarkeit gepr\u00fcft wird.<\/p>\n<p>Unabh\u00e4ngig davon k\u00fcndigte die Vorstandschaft die Notwendigkeit von Beitragserh\u00f6hungen f\u00fcr das Jahr 2011 an. Dazu wird es sp\u00e4testens im Herbst eine au\u00dferordentliche Hauptversammlung geben.<\/p>\n","protected":false},"excerpt":{"rendered":"<p>Am Freitag, den 19. M\u00e4rz 2010 fand im Saal die Jahreshauptversammlung der DJK Erlangen statt. Die anwesenden 38 Mitglieder w\u00e4hlten dabei die bestehende Vorstandschaft mit Matthias Distler als ersten Vorsitzenden, Gerhard Trapper als 2. Vorsitzenden und Uwe W\u00fcstner als 3. &hellip; <a href=\"https:\/\/www.djk-erlangen.de\/verein\/?p=198\">Weiterlesen <span class=\"meta-nav\">&rarr;<\/span><\/a><\/p>\n","protected":false},"author":12,"featured_media":0,"comment_status":"closed","ping_status":"closed","sticky":false,"template":"","format":"standard","meta":{"jetpack_post_was_ever_published":false,"_jetpack_newsletter_access":"","_jetpack_dont_email_post_to_subs":false,"_jetpack_newsletter_tier_id":0,"_jetpack_memberships_contains_paywalled_content":false,"_jetpack_memberships_contains_paid_content":false,"footnotes":"","jetpack_publicize_message":"","jetpack_publicize_feature_enabled":true,"jetpack_social_post_already_shared":false,"jetpack_social_options":{"image_generator_settings":{"template":"highway","default_image_id":0,"font":"","enabled":false},"version":2}},"categories":[1],"tags":[],"class_list":["post-198","post","type-post","status-publish","format-standard","hentry","category-allgemein"],"jetpack_publicize_connections":[],"jetpack_featured_media_url":"","jetpack_sharing_enabled":true,"jetpack_shortlink":"https:\/\/wp.me\/p9Syja-3c","_links":{"self":[{"href":"https:\/\/www.djk-erlangen.de\/verein\/index.php?rest_route=\/wp\/v2\/posts\/198","targetHints":{"allow":["GET"]}}],"collection":[{"href":"https:\/\/www.djk-erlangen.de\/verein\/index.php?rest_route=\/wp\/v2\/posts"}],"about":[{"href":"https:\/\/www.djk-erlangen.de\/verein\/index.php?rest_route=\/wp\/v2\/types\/post"}],"author":[{"embeddable":true,"href":"https:\/\/www.djk-erlangen.de\/verein\/index.php?rest_route=\/wp\/v2\/users\/12"}],"replies":[{"embeddable":true,"href":"https:\/\/www.djk-erlangen.de\/verein\/index.php?rest_route=%2Fwp%2Fv2%2Fcomments&post=198"}],"version-history":[{"count":12,"href":"https:\/\/www.djk-erlangen.de\/verein\/index.php?rest_route=\/wp\/v2\/posts\/198\/revisions"}],"predecessor-version":[{"id":217,"href":"https:\/\/www.djk-erlangen.de\/verein\/index.php?rest_route=\/wp\/v2\/posts\/198\/revisions\/217"}],"wp:attachment":[{"href":"https:\/\/www.djk-erlangen.de\/verein\/index.php?rest_route=%2Fwp%2Fv2%2Fmedia&parent=198"}],"wp:term":[{"taxonomy":"category","embeddable":true,"href":"https:\/\/www.djk-erlangen.de\/verein\/index.php?rest_route=%2Fwp%2Fv2%2Fcategories&post=198"},{"taxonomy":"post_tag","embeddable":true,"href":"https:\/\/www.djk-erlangen.de\/verein\/index.php?rest_route=%2Fwp%2Fv2%2Ftags&post=198"}],"curies":[{"name":"wp","href":"https:\/\/api.w.org\/{rel}","templated":true}]}}