{"id":1864,"date":"2018-06-10T10:19:11","date_gmt":"2018-06-10T08:19:11","guid":{"rendered":"http:\/\/www.djk-erlangen.de\/verein\/?p=1864"},"modified":"2020-01-01T09:35:33","modified_gmt":"2020-01-01T08:35:33","slug":"djk-kaerwa-am-samstag-09-juni-2016","status":"publish","type":"post","link":"https:\/\/www.djk-erlangen.de\/verein\/?p=1864","title":{"rendered":"DJK Kirchweih am Samstag, 07. Juli und Sonntag 8. Juli"},"content":{"rendered":"<p>Heuer wieder am traditionellen zweiten Juli-Wochende ist wieder DJK Kirchweih<\/p>\n<p>Samstag Abend ist wieder Live-Musik mit unseren Hausbands.<\/p>\n<p>Headliner ist wieder <strong>Ca\u00f1a Que Que.<\/strong><br \/>\nDie Band bietet eine einzigartige Mischung aus lateinamerikanischer\/spanischer und traditioneller Rock-Musik. Ob aus Kolumbien, Kuba, Spanien, Panama oder Mexiko, es ist f\u00fcr jeden etwas dabei, der tanzen und Spa\u00df haben will. Cumbia (Carlos Vives), Son cubano (Buena Vista Social Club), Latino Rock (Man\u00e1) und Reggae, sind nur einige der Rhythmen, die die Band zum Besten gibt.<br \/>\nCa\u00f1a Que Que ist immer die richtige Wahl f\u00fcr Stimmung und Unterhaltung der besonderen Art.<\/p>\n<p>Y que continue la fiesta!!!<a href=\"http:\/\/www.djk-erlangen.de\/verein\/wp-content\/uploads\/2016\/06\/Cana-Que-Que-1.jpg\"><img loading=\"lazy\" decoding=\"async\" class=\"aligncenter wp-image-1875 \" src=\"http:\/\/www.djk-erlangen.de\/verein\/wp-content\/uploads\/2016\/06\/Cana-Que-Que-1-300x114.jpg\" alt=\"Cana Que Que\" width=\"329\" height=\"125\" srcset=\"https:\/\/www.djk-erlangen.de\/verein\/wp-content\/uploads\/2016\/06\/Cana-Que-Que-1-300x114.jpg 300w, https:\/\/www.djk-erlangen.de\/verein\/wp-content\/uploads\/2016\/06\/Cana-Que-Que-1-768x293.jpg 768w, https:\/\/www.djk-erlangen.de\/verein\/wp-content\/uploads\/2016\/06\/Cana-Que-Que-1-1024x390.jpg 1024w, https:\/\/www.djk-erlangen.de\/verein\/wp-content\/uploads\/2016\/06\/Cana-Que-Que-1.jpg 1417w\" sizes=\"auto, (max-width: 329px) 100vw, 329px\" \/><\/a><\/p>\n<p>Special-Guest ist <strong>Rallashnikov<\/strong>, die heuer wieder fit sind und uns kr\u00e4ftig einheizen werden<\/p>\n<p>&nbsp;<\/p>\n<p>Neben schwungvoller tanzbarer Musik wird uns Dimi und sein Team auch an diesem Tag mit seiner vorz\u00fcglichen griechischen K\u00fcche verw\u00f6hnen.<\/p>\n<p>Wie es sich f\u00fcr einen Kerwa-abend geh\u00f6rt wird auch wieder eine Cocktail-bar ge\u00f6ffnet sein.<br \/>\nEin buntes Rahmenprogramm begleitet uns durch den Tag\/Abend. \u00dcber ein zahlreiches Erscheinen aus Nah und Fern w\u00fcrde sich der Gesamtverein sehr freuen.<\/p>\n<p><strong>Sofern Deutschland am Samstag sein Viertelfinale spielt wird diese Partie um 16 Uhr live zur DJK \u00fcbertragen <\/strong><\/p>\n<p><strong>Am Sonntag 8.Juli um 10.30 feiern wir dann wieder gemeinsam mit Pater Richard Kirchweih-Gottesdienst auf der Terrasse.<\/strong><\/p>\n<p>anschlie\u00dfend gibt es fr\u00e4nkisch-griechisches Mittagessen.<\/p>\n<p style=\"padding-left: 120px;\">\n","protected":false},"excerpt":{"rendered":"<p>Heuer wieder am traditionellen zweiten Juli-Wochende ist wieder DJK Kirchweih Samstag Abend ist wieder Live-Musik mit unseren Hausbands. Headliner ist wieder Ca\u00f1a Que Que. Die Band bietet eine einzigartige Mischung aus lateinamerikanischer\/spanischer und traditioneller Rock-Musik. Ob aus Kolumbien, Kuba, Spanien, &hellip; <a href=\"https:\/\/www.djk-erlangen.de\/verein\/?p=1864\">Weiterlesen <span class=\"meta-nav\">&rarr;<\/span><\/a><\/p>\n","protected":false},"author":12,"featured_media":0,"comment_status":"closed","ping_status":"open","sticky":false,"template":"","format":"standard","meta":{"jetpack_post_was_ever_published":false,"_jetpack_newsletter_access":"","_jetpack_dont_email_post_to_subs":false,"_jetpack_newsletter_tier_id":0,"_jetpack_memberships_contains_paywalled_content":false,"_jetpack_memberships_contains_paid_content":false,"footnotes":"","jetpack_publicize_message":"","jetpack_publicize_feature_enabled":true,"jetpack_social_post_already_shared":false,"jetpack_social_options":{"image_generator_settings":{"template":"highway","default_image_id":0,"font":"","enabled":false},"version":2}},"categories":[1,5],"tags":[],"class_list":["post-1864","post","type-post","status-publish","format-standard","hentry","category-allgemein","category-gastro"],"jetpack_publicize_connections":[],"jetpack_featured_media_url":"","jetpack_sharing_enabled":true,"jetpack_shortlink":"https:\/\/wp.me\/p9Syja-u4","_links":{"self":[{"href":"https:\/\/www.djk-erlangen.de\/verein\/index.php?rest_route=\/wp\/v2\/posts\/1864","targetHints":{"allow":["GET"]}}],"collection":[{"href":"https:\/\/www.djk-erlangen.de\/verein\/index.php?rest_route=\/wp\/v2\/posts"}],"about":[{"href":"https:\/\/www.djk-erlangen.de\/verein\/index.php?rest_route=\/wp\/v2\/types\/post"}],"author":[{"embeddable":true,"href":"https:\/\/www.djk-erlangen.de\/verein\/index.php?rest_route=\/wp\/v2\/users\/12"}],"replies":[{"embeddable":true,"href":"https:\/\/www.djk-erlangen.de\/verein\/index.php?rest_route=%2Fwp%2Fv2%2Fcomments&post=1864"}],"version-history":[{"count":15,"href":"https:\/\/www.djk-erlangen.de\/verein\/index.php?rest_route=\/wp\/v2\/posts\/1864\/revisions"}],"predecessor-version":[{"id":2744,"href":"https:\/\/www.djk-erlangen.de\/verein\/index.php?rest_route=\/wp\/v2\/posts\/1864\/revisions\/2744"}],"wp:attachment":[{"href":"https:\/\/www.djk-erlangen.de\/verein\/index.php?rest_route=%2Fwp%2Fv2%2Fmedia&parent=1864"}],"wp:term":[{"taxonomy":"category","embeddable":true,"href":"https:\/\/www.djk-erlangen.de\/verein\/index.php?rest_route=%2Fwp%2Fv2%2Fcategories&post=1864"},{"taxonomy":"post_tag","embeddable":true,"href":"https:\/\/www.djk-erlangen.de\/verein\/index.php?rest_route=%2Fwp%2Fv2%2Ftags&post=1864"}],"curies":[{"name":"wp","href":"https:\/\/api.w.org\/{rel}","templated":true}]}}