{"id":1834,"date":"2016-04-02T10:12:09","date_gmt":"2016-04-02T08:12:09","guid":{"rendered":"http:\/\/www.djk-erlangen.de\/verein\/?p=1834"},"modified":"2016-04-04T19:59:30","modified_gmt":"2016-04-04T17:59:30","slug":"die-djk-trauert-um-reinhold-tull-schwaegerl","status":"publish","type":"post","link":"https:\/\/www.djk-erlangen.de\/verein\/?p=1834","title":{"rendered":"Die DJK trauert um Reinhold &#8222;Tull&#8220; Schw\u00e4gerl"},"content":{"rendered":"<p>Am 26.3.2016 verstarb kurz nach seinem 68. Geburtstag unser langj\u00e4hriges Mitglied Reinhold Schw\u00e4gerl pl\u00f6tzlich und unerwartet.<\/p>\n<p>Tull kam vor \u00fcber 40 Jahren zur DJK und pr\u00e4gte die Fu\u00dfballabteilung in dieser Zeit wie kaum ein anderer.<\/p>\n<p>Nach seiner erfolgreichen Zeit in der 1. Mannschaft war er \u00fcber lange Jahre das Gesicht der AH-Mannschaft sowohl auf dem Platz als auch als Spielleiter.<\/p>\n<p>Wir verlieren mit Tull einen guten Fu\u00dfballer und einen gro\u00dfartigen Menschen<\/p>\n<p>&nbsp;<\/p>\n","protected":false},"excerpt":{"rendered":"<p>Am 26.3.2016 verstarb kurz nach seinem 68. Geburtstag unser langj\u00e4hriges Mitglied Reinhold Schw\u00e4gerl pl\u00f6tzlich und unerwartet. Tull kam vor \u00fcber 40 Jahren zur DJK und pr\u00e4gte die Fu\u00dfballabteilung in dieser Zeit wie kaum ein anderer. Nach seiner erfolgreichen Zeit in &hellip; <a href=\"https:\/\/www.djk-erlangen.de\/verein\/?p=1834\">Weiterlesen <span class=\"meta-nav\">&rarr;<\/span><\/a><\/p>\n","protected":false},"author":12,"featured_media":0,"comment_status":"open","ping_status":"open","sticky":false,"template":"","format":"standard","meta":{"jetpack_post_was_ever_published":false,"_jetpack_newsletter_access":"","_jetpack_dont_email_post_to_subs":false,"_jetpack_newsletter_tier_id":0,"_jetpack_memberships_contains_paywalled_content":false,"_jetpack_memberships_contains_paid_content":false,"footnotes":"","jetpack_publicize_message":"","jetpack_publicize_feature_enabled":true,"jetpack_social_post_already_shared":false,"jetpack_social_options":{"image_generator_settings":{"template":"highway","default_image_id":0,"font":"","enabled":false},"version":2}},"categories":[1],"tags":[],"class_list":["post-1834","post","type-post","status-publish","format-standard","hentry","category-allgemein"],"jetpack_publicize_connections":[],"jetpack_featured_media_url":"","jetpack_sharing_enabled":true,"jetpack_shortlink":"https:\/\/wp.me\/p9Syja-tA","_links":{"self":[{"href":"https:\/\/www.djk-erlangen.de\/verein\/index.php?rest_route=\/wp\/v2\/posts\/1834","targetHints":{"allow":["GET"]}}],"collection":[{"href":"https:\/\/www.djk-erlangen.de\/verein\/index.php?rest_route=\/wp\/v2\/posts"}],"about":[{"href":"https:\/\/www.djk-erlangen.de\/verein\/index.php?rest_route=\/wp\/v2\/types\/post"}],"author":[{"embeddable":true,"href":"https:\/\/www.djk-erlangen.de\/verein\/index.php?rest_route=\/wp\/v2\/users\/12"}],"replies":[{"embeddable":true,"href":"https:\/\/www.djk-erlangen.de\/verein\/index.php?rest_route=%2Fwp%2Fv2%2Fcomments&post=1834"}],"version-history":[{"count":3,"href":"https:\/\/www.djk-erlangen.de\/verein\/index.php?rest_route=\/wp\/v2\/posts\/1834\/revisions"}],"predecessor-version":[{"id":1837,"href":"https:\/\/www.djk-erlangen.de\/verein\/index.php?rest_route=\/wp\/v2\/posts\/1834\/revisions\/1837"}],"wp:attachment":[{"href":"https:\/\/www.djk-erlangen.de\/verein\/index.php?rest_route=%2Fwp%2Fv2%2Fmedia&parent=1834"}],"wp:term":[{"taxonomy":"category","embeddable":true,"href":"https:\/\/www.djk-erlangen.de\/verein\/index.php?rest_route=%2Fwp%2Fv2%2Fcategories&post=1834"},{"taxonomy":"post_tag","embeddable":true,"href":"https:\/\/www.djk-erlangen.de\/verein\/index.php?rest_route=%2Fwp%2Fv2%2Ftags&post=1834"}],"curies":[{"name":"wp","href":"https:\/\/api.w.org\/{rel}","templated":true}]}}