{"id":1815,"date":"2016-02-11T18:03:10","date_gmt":"2016-02-11T17:03:10","guid":{"rendered":"http:\/\/www.djk-erlangen.de\/verein\/?p=1815"},"modified":"2016-02-11T18:03:10","modified_gmt":"2016-02-11T17:03:10","slug":"jahreshauptversammlung-mit-neuwahlen-am-11-3-2016","status":"publish","type":"post","link":"https:\/\/www.djk-erlangen.de\/verein\/?p=1815","title":{"rendered":"Jahreshauptversammlung mit Neuwahlen am 11.3.2016"},"content":{"rendered":"<h2><em><\/em><strong>Einladung zur Jahreshauptversammlung 2016<\/strong><\/h2>\n<h2><strong>Freitag 11.M\u00e4rz 2016 um 19.30 Uhr im DJK-Saal<\/strong><\/h2>\n<p><strong>\u00a0<\/strong><\/p>\n<p>Tagesordnung<\/p>\n<ol>\n<li><strong>Bericht der Vorstandschaft<\/strong><\/li>\n<li><strong> Berichte der Abteilungen<\/strong><\/li>\n<li><strong> Kassenbericht<\/strong><\/li>\n<li><strong> Bericht der Kassenpr\u00fcfer<\/strong><\/li>\n<li><strong> Aussprache zu den Berichten<\/strong><\/li>\n<li><strong> Ehrungen<\/strong><\/li>\n<li><strong> Bildung des Wahlausschusses<\/strong><\/li>\n<li><strong> Entlastung der Vorstandschaft<\/strong><\/li>\n<li><strong> Neuwahlen<\/strong><\/li>\n<li><strong>Antr\u00e4ge, Aussprache, Verschiedenes<\/strong><\/li>\n<\/ol>\n<p>&nbsp;<\/p>\n<p><strong>Antr\u00e4ge zu Punkten der Tagesordnung m\u00fcssen gem\u00e4\u00df Satzung bis 4.M\u00e4rz 2016, 7 Tage vor dem Termin der Mitgliederversammlung, schriftlich beim 1. Vorsitzenden eingereicht werden.<\/strong><\/p>\n<p><strong>Die endg\u00fcltige Tagesordnung wird sp\u00e4testens 5 Tage vor dem Versam\u00admlungs\u00adtermin, d.h. sp\u00e4testens am 6.M\u00e4rz 2016 durch Aushang am Vereinsheim sowie auf der Homepage des Vereins (<\/strong><a href=\"http:\/\/www.djk-erlangen.de\"><strong>www.djk-erlangen.de<\/strong><\/a><strong>) ver\u00f6ffentlicht.<\/strong><\/p>\n","protected":false},"excerpt":{"rendered":"<p>Einladung zur Jahreshauptversammlung 2016 Freitag 11.M\u00e4rz 2016 um 19.30 Uhr im DJK-Saal \u00a0 Tagesordnung Bericht der Vorstandschaft Berichte der Abteilungen Kassenbericht Bericht der Kassenpr\u00fcfer Aussprache zu den Berichten Ehrungen Bildung des Wahlausschusses Entlastung der Vorstandschaft Neuwahlen Antr\u00e4ge, Aussprache, Verschiedenes &nbsp; &hellip; <a href=\"https:\/\/www.djk-erlangen.de\/verein\/?p=1815\">Weiterlesen <span class=\"meta-nav\">&rarr;<\/span><\/a><\/p>\n","protected":false},"author":12,"featured_media":0,"comment_status":"open","ping_status":"open","sticky":false,"template":"","format":"standard","meta":{"jetpack_post_was_ever_published":false,"_jetpack_newsletter_access":"","_jetpack_dont_email_post_to_subs":false,"_jetpack_newsletter_tier_id":0,"_jetpack_memberships_contains_paywalled_content":false,"_jetpack_memberships_contains_paid_content":false,"footnotes":"","jetpack_publicize_message":"","jetpack_publicize_feature_enabled":true,"jetpack_social_post_already_shared":false,"jetpack_social_options":{"image_generator_settings":{"template":"highway","default_image_id":0,"font":"","enabled":false},"version":2}},"categories":[1],"tags":[],"class_list":["post-1815","post","type-post","status-publish","format-standard","hentry","category-allgemein"],"jetpack_publicize_connections":[],"jetpack_featured_media_url":"","jetpack_sharing_enabled":true,"jetpack_shortlink":"https:\/\/wp.me\/p9Syja-th","_links":{"self":[{"href":"https:\/\/www.djk-erlangen.de\/verein\/index.php?rest_route=\/wp\/v2\/posts\/1815","targetHints":{"allow":["GET"]}}],"collection":[{"href":"https:\/\/www.djk-erlangen.de\/verein\/index.php?rest_route=\/wp\/v2\/posts"}],"about":[{"href":"https:\/\/www.djk-erlangen.de\/verein\/index.php?rest_route=\/wp\/v2\/types\/post"}],"author":[{"embeddable":true,"href":"https:\/\/www.djk-erlangen.de\/verein\/index.php?rest_route=\/wp\/v2\/users\/12"}],"replies":[{"embeddable":true,"href":"https:\/\/www.djk-erlangen.de\/verein\/index.php?rest_route=%2Fwp%2Fv2%2Fcomments&post=1815"}],"version-history":[{"count":3,"href":"https:\/\/www.djk-erlangen.de\/verein\/index.php?rest_route=\/wp\/v2\/posts\/1815\/revisions"}],"predecessor-version":[{"id":1818,"href":"https:\/\/www.djk-erlangen.de\/verein\/index.php?rest_route=\/wp\/v2\/posts\/1815\/revisions\/1818"}],"wp:attachment":[{"href":"https:\/\/www.djk-erlangen.de\/verein\/index.php?rest_route=%2Fwp%2Fv2%2Fmedia&parent=1815"}],"wp:term":[{"taxonomy":"category","embeddable":true,"href":"https:\/\/www.djk-erlangen.de\/verein\/index.php?rest_route=%2Fwp%2Fv2%2Fcategories&post=1815"},{"taxonomy":"post_tag","embeddable":true,"href":"https:\/\/www.djk-erlangen.de\/verein\/index.php?rest_route=%2Fwp%2Fv2%2Ftags&post=1815"}],"curies":[{"name":"wp","href":"https:\/\/api.w.org\/{rel}","templated":true}]}}