{"id":1719,"date":"2016-09-15T17:37:32","date_gmt":"2016-09-15T15:37:32","guid":{"rendered":"http:\/\/www.djk-erlangen.de\/verein\/?p=1719"},"modified":"2016-09-15T18:13:27","modified_gmt":"2016-09-15T16:13:27","slug":"dekanatsministrantenturnier-bei-der-djk","status":"publish","type":"post","link":"https:\/\/www.djk-erlangen.de\/verein\/?p=1719","title":{"rendered":"Dekanatsministrantenturnier bei der DJK"},"content":{"rendered":"<h2>Am <strong>Samstag 17.9.<\/strong> findet die Fu\u00dfballmeisterschaft der Ministranten auf den Pl\u00e4tzen der DJK statt.<\/h2>\n<p>Die DJK Erlangen und der BDKJ freuen sich die Mannschaften der katholischen Gemeinden des Dekanats Erlangen im Erlanger Wiesengrund begr\u00fc\u00dfen zu d\u00fcrfen.<\/p>\n<p>Die Jungs und M\u00e4dels freuen sich \u00fcber zahlreiche Unterst\u00fctzung !<\/p>\n<p>Gespielt wird auf zwei Feldern\u00a0 im Modus jeder gegen jeden, so dass ein spannender Sporttag zu erwarten ist.<\/p>\n<p>Ab 9 Uhr gehts los, die letzten Spiele mit anschlie\u00dfender Siegerehrung sind gegen 16 Uhr geplant.<\/p>\n<p>&nbsp;<\/p>\n","protected":false},"excerpt":{"rendered":"<p>Am Samstag 17.9. findet die Fu\u00dfballmeisterschaft der Ministranten auf den Pl\u00e4tzen der DJK statt. Die DJK Erlangen und der BDKJ freuen sich die Mannschaften der katholischen Gemeinden des Dekanats Erlangen im Erlanger Wiesengrund begr\u00fc\u00dfen zu d\u00fcrfen. Die Jungs und M\u00e4dels &hellip; <a href=\"https:\/\/www.djk-erlangen.de\/verein\/?p=1719\">Weiterlesen <span class=\"meta-nav\">&rarr;<\/span><\/a><\/p>\n","protected":false},"author":12,"featured_media":0,"comment_status":"open","ping_status":"open","sticky":false,"template":"","format":"standard","meta":{"jetpack_post_was_ever_published":false,"_jetpack_newsletter_access":"","_jetpack_dont_email_post_to_subs":false,"_jetpack_newsletter_tier_id":0,"_jetpack_memberships_contains_paywalled_content":false,"_jetpack_memberships_contains_paid_content":false,"footnotes":"","jetpack_publicize_message":"","jetpack_publicize_feature_enabled":true,"jetpack_social_post_already_shared":false,"jetpack_social_options":{"image_generator_settings":{"template":"highway","default_image_id":0,"font":"","enabled":false},"version":2}},"categories":[1],"tags":[],"class_list":["post-1719","post","type-post","status-publish","format-standard","hentry","category-allgemein"],"jetpack_publicize_connections":[],"jetpack_featured_media_url":"","jetpack_sharing_enabled":true,"jetpack_shortlink":"https:\/\/wp.me\/p9Syja-rJ","_links":{"self":[{"href":"https:\/\/www.djk-erlangen.de\/verein\/index.php?rest_route=\/wp\/v2\/posts\/1719","targetHints":{"allow":["GET"]}}],"collection":[{"href":"https:\/\/www.djk-erlangen.de\/verein\/index.php?rest_route=\/wp\/v2\/posts"}],"about":[{"href":"https:\/\/www.djk-erlangen.de\/verein\/index.php?rest_route=\/wp\/v2\/types\/post"}],"author":[{"embeddable":true,"href":"https:\/\/www.djk-erlangen.de\/verein\/index.php?rest_route=\/wp\/v2\/users\/12"}],"replies":[{"embeddable":true,"href":"https:\/\/www.djk-erlangen.de\/verein\/index.php?rest_route=%2Fwp%2Fv2%2Fcomments&post=1719"}],"version-history":[{"count":5,"href":"https:\/\/www.djk-erlangen.de\/verein\/index.php?rest_route=\/wp\/v2\/posts\/1719\/revisions"}],"predecessor-version":[{"id":1907,"href":"https:\/\/www.djk-erlangen.de\/verein\/index.php?rest_route=\/wp\/v2\/posts\/1719\/revisions\/1907"}],"wp:attachment":[{"href":"https:\/\/www.djk-erlangen.de\/verein\/index.php?rest_route=%2Fwp%2Fv2%2Fmedia&parent=1719"}],"wp:term":[{"taxonomy":"category","embeddable":true,"href":"https:\/\/www.djk-erlangen.de\/verein\/index.php?rest_route=%2Fwp%2Fv2%2Fcategories&post=1719"},{"taxonomy":"post_tag","embeddable":true,"href":"https:\/\/www.djk-erlangen.de\/verein\/index.php?rest_route=%2Fwp%2Fv2%2Ftags&post=1719"}],"curies":[{"name":"wp","href":"https:\/\/api.w.org\/{rel}","templated":true}]}}