{"id":1357,"date":"2017-04-17T16:44:13","date_gmt":"2017-04-17T14:44:13","guid":{"rendered":"http:\/\/www.djk-erlangen.de\/verein\/?p=1357"},"modified":"2017-04-18T20:30:24","modified_gmt":"2017-04-18T18:30:24","slug":"1-mai-ist-raedli-tag","status":"publish","type":"post","link":"https:\/\/www.djk-erlangen.de\/verein\/?p=1357","title":{"rendered":"1. Mai ist R\u00e4dli-Tag"},"content":{"rendered":"<p>Bereits zum 24. Mal findet am 1. Mai 2017 die <a class=\"note\" href=\"http:\/\/www.raedli.de\/\" target=\"_blank\">Erlanger R\u00e4dli<\/a>, die Fahrradrallye f\u00fcr die ganze Familie statt.<\/p>\n<p>Und wie immer dabei ist auch die DJK Erlangen!<\/p>\n<p>Unser Fahrrad-Geschicklichkeitsparcour ist seit Jahren ein beliebter Anlaufpunkt.<\/p>\n<p>Daher ergeht hiermit herzliche Einladung an alle Teilnehmer und insbesondere alle Vereinsmitglieder, am Montag, den 1. Mai 2017 von ca.9.30\u00a0 bis 16 Uhr am DJK-Gel\u00e4nde vorbeizuschauen und wegen der sch\u00f6nen Atmosph\u00e4re und dem guten Essen\u00a0auch ein bisschen zu bleiben.<\/p>\n<p>An alle Mitglieder ergeht au\u00dferdem der Aufruf, sich vor Ort zu melden, weil wir f\u00fcr die gesamte Zeit auch Sicherungspersonal auf dem Parcour ben\u00f6tigen.<\/p>\n<p>&nbsp;<\/p>\n<p>&nbsp;<\/p>\n","protected":false},"excerpt":{"rendered":"<p>Bereits zum 24. Mal findet am 1. Mai 2017 die Erlanger R\u00e4dli, die Fahrradrallye f\u00fcr die ganze Familie statt. Und wie immer dabei ist auch die DJK Erlangen! Unser Fahrrad-Geschicklichkeitsparcour ist seit Jahren ein beliebter Anlaufpunkt. Daher ergeht hiermit herzliche &hellip; <a href=\"https:\/\/www.djk-erlangen.de\/verein\/?p=1357\">Weiterlesen <span class=\"meta-nav\">&rarr;<\/span><\/a><\/p>\n","protected":false},"author":12,"featured_media":0,"comment_status":"closed","ping_status":"open","sticky":false,"template":"","format":"standard","meta":{"jetpack_post_was_ever_published":false,"_jetpack_newsletter_access":"","_jetpack_dont_email_post_to_subs":false,"_jetpack_newsletter_tier_id":0,"_jetpack_memberships_contains_paywalled_content":false,"_jetpack_memberships_contains_paid_content":false,"footnotes":"","jetpack_publicize_message":"","jetpack_publicize_feature_enabled":true,"jetpack_social_post_already_shared":false,"jetpack_social_options":{"image_generator_settings":{"template":"highway","default_image_id":0,"font":"","enabled":false},"version":2}},"categories":[1],"tags":[],"class_list":["post-1357","post","type-post","status-publish","format-standard","hentry","category-allgemein"],"jetpack_publicize_connections":[],"jetpack_featured_media_url":"","jetpack_sharing_enabled":true,"jetpack_shortlink":"https:\/\/wp.me\/p9Syja-lT","_links":{"self":[{"href":"https:\/\/www.djk-erlangen.de\/verein\/index.php?rest_route=\/wp\/v2\/posts\/1357","targetHints":{"allow":["GET"]}}],"collection":[{"href":"https:\/\/www.djk-erlangen.de\/verein\/index.php?rest_route=\/wp\/v2\/posts"}],"about":[{"href":"https:\/\/www.djk-erlangen.de\/verein\/index.php?rest_route=\/wp\/v2\/types\/post"}],"author":[{"embeddable":true,"href":"https:\/\/www.djk-erlangen.de\/verein\/index.php?rest_route=\/wp\/v2\/users\/12"}],"replies":[{"embeddable":true,"href":"https:\/\/www.djk-erlangen.de\/verein\/index.php?rest_route=%2Fwp%2Fv2%2Fcomments&post=1357"}],"version-history":[{"count":8,"href":"https:\/\/www.djk-erlangen.de\/verein\/index.php?rest_route=\/wp\/v2\/posts\/1357\/revisions"}],"predecessor-version":[{"id":1959,"href":"https:\/\/www.djk-erlangen.de\/verein\/index.php?rest_route=\/wp\/v2\/posts\/1357\/revisions\/1959"}],"wp:attachment":[{"href":"https:\/\/www.djk-erlangen.de\/verein\/index.php?rest_route=%2Fwp%2Fv2%2Fmedia&parent=1357"}],"wp:term":[{"taxonomy":"category","embeddable":true,"href":"https:\/\/www.djk-erlangen.de\/verein\/index.php?rest_route=%2Fwp%2Fv2%2Fcategories&post=1357"},{"taxonomy":"post_tag","embeddable":true,"href":"https:\/\/www.djk-erlangen.de\/verein\/index.php?rest_route=%2Fwp%2Fv2%2Ftags&post=1357"}],"curies":[{"name":"wp","href":"https:\/\/api.w.org\/{rel}","templated":true}]}}