{"id":1331,"date":"2014-04-02T21:48:37","date_gmt":"2014-04-02T19:48:37","guid":{"rendered":"http:\/\/www.djk-erlangen.de\/verein\/?p=1331"},"modified":"2014-09-21T13:57:35","modified_gmt":"2014-09-21T11:57:35","slug":"jahreshauptversammlung-2014","status":"publish","type":"post","link":"https:\/\/www.djk-erlangen.de\/verein\/?p=1331","title":{"rendered":"Jahreshauptversammlung 2014"},"content":{"rendered":"<p align=\"center\"><b>Vorstand im Amt best\u00e4tigt \u2013 zahlreiche Ehrungen verdienter Mitglieder<\/b><\/p>\n<p>Der alte Vorstand bei der DJK Erlangen ist auch der neue. Bei der Jahreshauptversammlung am 28.03.12014 wurde der gesamte Vorstand mit \u00fcberw\u00e4ltigender Mehrheit wiedergew\u00e4hlt. Der Verein wird somit auch in den kommenden beiden Jahren von Matthias Distler und Gerhard Trapper, sowie von Matthias Langhans, Peter Scherneck und Uwe W\u00fcstner gef\u00fchrt. Vor der Wahl fand eine lebhafte Diskussion \u00fcber einen vom Vorstand eingebrachten Antrag zur Beitragserh\u00f6hung statt. Der Vorstand sieht diese als unverzichtbar f\u00fcr eine verantwortungsvolle F\u00fchrung des Vereins in Zeiten notwendiger Ausgaben f\u00fcr Instandhaltung und Sanierung des Gel\u00e4ndes und des Vereinsheims. Dies sahen auch die anwesenden stimmberechtigten Mitglieder so, auch in Kenntnis bekannter negativer Beispiele in der Erlanger Vereinslandschaft, und somit folgte der nahezu einstimmige Beschluss f\u00fcr eine moderate Erh\u00f6hung. Manche sinnvolle Investition muss dennoch noch etwas hintangestellt werden. Aktuell begonnen wurde der Umbau der nicht mehr in Betrieb befindlichen Kegelbahn in einen Mehrzweckraum als Jugendtreff und auch als vermieteten \u00dcbungsraum f\u00fcr zwei Erlanger Bands. Hier engagiert sich zurzeit vor allem die Fu\u00dfball-A-Jugend mit gro\u00dfem Eifer und vielen ehrenamtlichen Arbeitsstunden. F\u00fcr die dennoch notwendigen finanziellen Mittel bleibt das bekannte Spendenkonto, gerne auch f\u00fcr zweckgebundene Spenden, mit der Kontonummer 48866 bei der Sparkasse Erlangen (BLZ 76350000) eingerichtet. Aus den Abteilungen kann die Handballabteilung einen Zuwachs im Jugendbereich vermelden. Dies ist bei der Tennisabteilung leider nicht so, hier hat man, wie auch die benachbarten Vereine, einen Mitgliederschwund festzustellen und pr\u00fcft verschiedene Modelle, diesem entgegen zu wirken. Die mitgliederst\u00e4rkste Abteilung machen die Fu\u00dfballer aus und unter den 14 Erlanger Fu\u00dfballvereinen mit Jugendarbeit hat man die f\u00fcnftgr\u00f6\u00dfte Jugendabteilung. Die w\u00f6chentliche Arbeit der 30 Trainer und Betreuer mit den 160 Juniorenspielern macht sich auch in sportlichen Erfolgen bezahlt. So erreichten in der abgeschlossenen Hallenkreismeisterschaftsrunde 5 von 10 teilnehmenden Mannschaften in Teilnehmerfeldern von 75 \u2013 95 Mannschaften die Endrunde der letzten acht und die G-Jugend wurde Kreispokalsieger .<\/p>\n<p><a href=\"http:\/\/www.djk-erlangen.de\/verein\/wp-content\/uploads\/2014\/03\/Ehrungen-JHV-DJK-2014-300x217.jpg\"><img loading=\"lazy\" decoding=\"async\" class=\"alignnone\" src=\"http:\/\/www.djk-erlangen.de\/verein\/wp-content\/uploads\/2014\/03\/Ehrungen-JHV-DJK-2014-300x217.jpg\" alt=\"Ehrungen JHV DJK 2014\" width=\"300\" height=\"217\" \/><\/a><\/p>\n<p>Geehrt wurden mit der silbernen Ehrennadel f\u00fcr 25 Jahre Mitgliedschaft Michael Weisel, mit der goldenen Ehrennadel f\u00fcr 40 Jahre Karin Berger-Graef, Gretl Bischoff, Otmar Liepold und Hans Philipp, mit der goldenen Ehrennadel mit Lorbeer f\u00fcr 60 Jahre Erich Nein. Als Ehrungen des DJK-Verbandes erhielten das DJK Ehrenzeichen in Bronze Friedrich Graef, Werner Rittmeier, J\u00f6rg Weber und Harald Wei\u00df, das in Silber Gerhard Trapper und Uwe W\u00fcstner.. Abgebildet sind der f\u00fcr 60-j\u00e4hrige Mitgliedschaft geehrte Erich Nein, umrahmt von den mit dem Ehrenzeichen des DJK-Verbandes Ausgezeichneten und dem 1. Vorsitzenden: (von links nach rechts) Friedrich Graef, Werner Rittmeier, J\u00f6rg Weber, Harald Wei\u00df (verdeckt), Uwe W\u00fcstner, Gerhard Trapper, Matthias Distler<\/p>\n","protected":false},"excerpt":{"rendered":"<p>Vorstand im Amt best\u00e4tigt \u2013 zahlreiche Ehrungen verdienter Mitglieder Der alte Vorstand bei der DJK Erlangen ist auch der neue. Bei der Jahreshauptversammlung am 28.03.12014 wurde der gesamte Vorstand mit \u00fcberw\u00e4ltigender Mehrheit wiedergew\u00e4hlt. Der Verein wird somit auch in den &hellip; <a href=\"https:\/\/www.djk-erlangen.de\/verein\/?p=1331\">Weiterlesen <span class=\"meta-nav\">&rarr;<\/span><\/a><\/p>\n","protected":false},"author":12,"featured_media":0,"comment_status":"closed","ping_status":"open","sticky":false,"template":"","format":"standard","meta":{"jetpack_post_was_ever_published":false,"_jetpack_newsletter_access":"","_jetpack_dont_email_post_to_subs":false,"_jetpack_newsletter_tier_id":0,"_jetpack_memberships_contains_paywalled_content":false,"_jetpack_memberships_contains_paid_content":false,"footnotes":"","jetpack_publicize_message":"","jetpack_publicize_feature_enabled":true,"jetpack_social_post_already_shared":false,"jetpack_social_options":{"image_generator_settings":{"template":"highway","default_image_id":0,"font":"","enabled":false},"version":2}},"categories":[1],"tags":[],"class_list":["post-1331","post","type-post","status-publish","format-standard","hentry","category-allgemein"],"jetpack_publicize_connections":[],"jetpack_featured_media_url":"","jetpack_sharing_enabled":true,"jetpack_shortlink":"https:\/\/wp.me\/p9Syja-lt","_links":{"self":[{"href":"https:\/\/www.djk-erlangen.de\/verein\/index.php?rest_route=\/wp\/v2\/posts\/1331","targetHints":{"allow":["GET"]}}],"collection":[{"href":"https:\/\/www.djk-erlangen.de\/verein\/index.php?rest_route=\/wp\/v2\/posts"}],"about":[{"href":"https:\/\/www.djk-erlangen.de\/verein\/index.php?rest_route=\/wp\/v2\/types\/post"}],"author":[{"embeddable":true,"href":"https:\/\/www.djk-erlangen.de\/verein\/index.php?rest_route=\/wp\/v2\/users\/12"}],"replies":[{"embeddable":true,"href":"https:\/\/www.djk-erlangen.de\/verein\/index.php?rest_route=%2Fwp%2Fv2%2Fcomments&post=1331"}],"version-history":[{"count":13,"href":"https:\/\/www.djk-erlangen.de\/verein\/index.php?rest_route=\/wp\/v2\/posts\/1331\/revisions"}],"predecessor-version":[{"id":1527,"href":"https:\/\/www.djk-erlangen.de\/verein\/index.php?rest_route=\/wp\/v2\/posts\/1331\/revisions\/1527"}],"wp:attachment":[{"href":"https:\/\/www.djk-erlangen.de\/verein\/index.php?rest_route=%2Fwp%2Fv2%2Fmedia&parent=1331"}],"wp:term":[{"taxonomy":"category","embeddable":true,"href":"https:\/\/www.djk-erlangen.de\/verein\/index.php?rest_route=%2Fwp%2Fv2%2Fcategories&post=1331"},{"taxonomy":"post_tag","embeddable":true,"href":"https:\/\/www.djk-erlangen.de\/verein\/index.php?rest_route=%2Fwp%2Fv2%2Ftags&post=1331"}],"curies":[{"name":"wp","href":"https:\/\/api.w.org\/{rel}","templated":true}]}}