{"id":1212,"date":"2013-08-07T19:47:12","date_gmt":"2013-08-07T17:47:12","guid":{"rendered":"http:\/\/www.djk-erlangen.de\/verein\/?p=1212"},"modified":"2013-08-20T12:44:42","modified_gmt":"2013-08-20T10:44:42","slug":"endlich-gehts-wieder-los","status":"publish","type":"post","link":"https:\/\/www.djk-erlangen.de\/verein\/?p=1212","title":{"rendered":"Endlich gehts im Fu\u00dfball wieder los&#8230;"},"content":{"rendered":"<p>Die Fu\u00dfballfans in ganz Deutschland freuen sich auf das kommende Wochenende, denn dann geht sie wieder richtig los, die Fu\u00dfballsaison 2013\/2014.<br \/>\nUnd das nicht nur in M\u00fcnchen, Dortmund oder N\u00fcrnberg, sondern auch im Spielkreis Erlangen\/Pegnitzgrund!<\/p>\n<p>Hier <strong>die ersten Termine unserer Ersten in der A-Klasse<\/strong>:<\/p>\n<p>11.08.2013 15.00 Uhr FK Jugoslavia Erlangen &#8211; DJK Erlangen<br \/>\n18.08.2013 15.00 Uhr DJK Erlangen &#8211; SC M\u00fcnchaurach<br \/>\n25.08.2013 15.00 Uhr DJK Erlangen &#8211; FC Herzogenaurach 2<br \/>\nDie weiteren Termine findet man <strong><a href=\"http:\/\/www.djk-erlangen.de\/fussball\/?page_id=54\">HIER<\/a><\/strong>.<\/p>\n<p>Die <strong>Zweite startet in der B-Klasse<\/strong> wie folgt:<\/p>\n<p>11.08.2013 13.00 Uhr SV Langensendelbach 2 &#8211; DJK Erlangen 2<br \/>\n25.08.2013 12.30 Uhr DJK Erlangen 2 &#8211; BSC Erlangen 2<br \/>\n28.08.2013 18.30 Uhr DJK Erlangen 2 &#8211; 1.FC Niederlindach<br \/>\nDie weiteren Termine findet man\u00a0<strong><a href=\"http:\/\/www.djk-erlangen.de\/fussball\/?page_id=64\">HIER<\/a><\/strong>.<\/p>\n<p>&nbsp;<\/p>\n","protected":false},"excerpt":{"rendered":"<p>Die Fu\u00dfballfans in ganz Deutschland freuen sich auf das kommende Wochenende, denn dann geht sie wieder richtig los, die Fu\u00dfballsaison 2013\/2014. Und das nicht nur in M\u00fcnchen, Dortmund oder N\u00fcrnberg, sondern auch im Spielkreis Erlangen\/Pegnitzgrund! Hier die ersten Termine unserer &hellip; <a href=\"https:\/\/www.djk-erlangen.de\/verein\/?p=1212\">Weiterlesen <span class=\"meta-nav\">&rarr;<\/span><\/a><\/p>\n","protected":false},"author":12,"featured_media":0,"comment_status":"closed","ping_status":"closed","sticky":false,"template":"","format":"standard","meta":{"jetpack_post_was_ever_published":false,"_jetpack_newsletter_access":"","_jetpack_dont_email_post_to_subs":false,"_jetpack_newsletter_tier_id":0,"_jetpack_memberships_contains_paywalled_content":false,"_jetpack_memberships_contains_paid_content":false,"footnotes":"","jetpack_publicize_message":"","jetpack_publicize_feature_enabled":true,"jetpack_social_post_already_shared":false,"jetpack_social_options":{"image_generator_settings":{"template":"highway","default_image_id":0,"font":"","enabled":false},"version":2}},"categories":[1],"tags":[],"class_list":["post-1212","post","type-post","status-publish","format-standard","hentry","category-allgemein"],"jetpack_publicize_connections":[],"jetpack_featured_media_url":"","jetpack_sharing_enabled":true,"jetpack_shortlink":"https:\/\/wp.me\/p9Syja-jy","_links":{"self":[{"href":"https:\/\/www.djk-erlangen.de\/verein\/index.php?rest_route=\/wp\/v2\/posts\/1212","targetHints":{"allow":["GET"]}}],"collection":[{"href":"https:\/\/www.djk-erlangen.de\/verein\/index.php?rest_route=\/wp\/v2\/posts"}],"about":[{"href":"https:\/\/www.djk-erlangen.de\/verein\/index.php?rest_route=\/wp\/v2\/types\/post"}],"author":[{"embeddable":true,"href":"https:\/\/www.djk-erlangen.de\/verein\/index.php?rest_route=\/wp\/v2\/users\/12"}],"replies":[{"embeddable":true,"href":"https:\/\/www.djk-erlangen.de\/verein\/index.php?rest_route=%2Fwp%2Fv2%2Fcomments&post=1212"}],"version-history":[{"count":10,"href":"https:\/\/www.djk-erlangen.de\/verein\/index.php?rest_route=\/wp\/v2\/posts\/1212\/revisions"}],"predecessor-version":[{"id":1237,"href":"https:\/\/www.djk-erlangen.de\/verein\/index.php?rest_route=\/wp\/v2\/posts\/1212\/revisions\/1237"}],"wp:attachment":[{"href":"https:\/\/www.djk-erlangen.de\/verein\/index.php?rest_route=%2Fwp%2Fv2%2Fmedia&parent=1212"}],"wp:term":[{"taxonomy":"category","embeddable":true,"href":"https:\/\/www.djk-erlangen.de\/verein\/index.php?rest_route=%2Fwp%2Fv2%2Fcategories&post=1212"},{"taxonomy":"post_tag","embeddable":true,"href":"https:\/\/www.djk-erlangen.de\/verein\/index.php?rest_route=%2Fwp%2Fv2%2Ftags&post=1212"}],"curies":[{"name":"wp","href":"https:\/\/api.w.org\/{rel}","templated":true}]}}