{"id":1103,"date":"2013-10-08T08:50:12","date_gmt":"2013-10-08T06:50:12","guid":{"rendered":"http:\/\/www.djk-erlangen.de\/verein\/?p=1103"},"modified":"2013-10-13T20:04:33","modified_gmt":"2013-10-13T18:04:33","slug":"fruhjahrsputz-am-samstag-16-marz","status":"publish","type":"post","link":"https:\/\/www.djk-erlangen.de\/verein\/?p=1103","title":{"rendered":"Herbstaufr\u00e4umaktion am Samstag 19. Oktober 2013"},"content":{"rendered":"<p>Rechtzeitig vor dem Winter gilt es, unser Vereinsgel\u00e4nde zu entr\u00fcmpeln und winterfest zu machen.<\/p>\n<p>Daher sind alle Mitglieder und Eltern aufgefordert, bei unserem Putz- und Reparaturtag kr\u00e4ftig mitanzupacken.<\/p>\n<p><strong>Wann: Samstag 19. Oktober 2013 ab 9 Uhr<\/strong><\/p>\n<p>Was steht an?<br \/>\nM\u00fcll beseitigen, streichen, kleinere Reparaturen\u00a0sowohl im Kabinentrakt als auch in den Au\u00dfenanlagen.<\/p>\n<p>Helfen Sie mit, dass unsere Sportanlage winterfit wird.<\/p>\n<p>Bitte Handschuhe, Eimer, Lappen, Schubkarren etc. mitbringen, damit keiner sagen kann, er h\u00e4tte ja was machen wollen aber leider kein Arbeitsmaterial gefunden.<\/p>\n","protected":false},"excerpt":{"rendered":"<p>Rechtzeitig vor dem Winter gilt es, unser Vereinsgel\u00e4nde zu entr\u00fcmpeln und winterfest zu machen. Daher sind alle Mitglieder und Eltern aufgefordert, bei unserem Putz- und Reparaturtag kr\u00e4ftig mitanzupacken. Wann: Samstag 19. Oktober 2013 ab 9 Uhr Was steht an? M\u00fcll &hellip; <a href=\"https:\/\/www.djk-erlangen.de\/verein\/?p=1103\">Weiterlesen <span class=\"meta-nav\">&rarr;<\/span><\/a><\/p>\n","protected":false},"author":12,"featured_media":0,"comment_status":"closed","ping_status":"closed","sticky":false,"template":"","format":"standard","meta":{"jetpack_post_was_ever_published":false,"_jetpack_newsletter_access":"","_jetpack_dont_email_post_to_subs":false,"_jetpack_newsletter_tier_id":0,"_jetpack_memberships_contains_paywalled_content":false,"_jetpack_memberships_contains_paid_content":false,"footnotes":"","jetpack_publicize_message":"","jetpack_publicize_feature_enabled":true,"jetpack_social_post_already_shared":false,"jetpack_social_options":{"image_generator_settings":{"template":"highway","default_image_id":0,"font":"","enabled":false},"version":2}},"categories":[1],"tags":[],"class_list":["post-1103","post","type-post","status-publish","format-standard","hentry","category-allgemein"],"jetpack_publicize_connections":[],"jetpack_featured_media_url":"","jetpack_sharing_enabled":true,"jetpack_shortlink":"https:\/\/wp.me\/p9Syja-hN","_links":{"self":[{"href":"https:\/\/www.djk-erlangen.de\/verein\/index.php?rest_route=\/wp\/v2\/posts\/1103","targetHints":{"allow":["GET"]}}],"collection":[{"href":"https:\/\/www.djk-erlangen.de\/verein\/index.php?rest_route=\/wp\/v2\/posts"}],"about":[{"href":"https:\/\/www.djk-erlangen.de\/verein\/index.php?rest_route=\/wp\/v2\/types\/post"}],"author":[{"embeddable":true,"href":"https:\/\/www.djk-erlangen.de\/verein\/index.php?rest_route=\/wp\/v2\/users\/12"}],"replies":[{"embeddable":true,"href":"https:\/\/www.djk-erlangen.de\/verein\/index.php?rest_route=%2Fwp%2Fv2%2Fcomments&post=1103"}],"version-history":[{"count":9,"href":"https:\/\/www.djk-erlangen.de\/verein\/index.php?rest_route=\/wp\/v2\/posts\/1103\/revisions"}],"predecessor-version":[{"id":1253,"href":"https:\/\/www.djk-erlangen.de\/verein\/index.php?rest_route=\/wp\/v2\/posts\/1103\/revisions\/1253"}],"wp:attachment":[{"href":"https:\/\/www.djk-erlangen.de\/verein\/index.php?rest_route=%2Fwp%2Fv2%2Fmedia&parent=1103"}],"wp:term":[{"taxonomy":"category","embeddable":true,"href":"https:\/\/www.djk-erlangen.de\/verein\/index.php?rest_route=%2Fwp%2Fv2%2Fcategories&post=1103"},{"taxonomy":"post_tag","embeddable":true,"href":"https:\/\/www.djk-erlangen.de\/verein\/index.php?rest_route=%2Fwp%2Fv2%2Ftags&post=1103"}],"curies":[{"name":"wp","href":"https:\/\/api.w.org\/{rel}","templated":true}]}}