{"id":1084,"date":"2013-01-28T20:24:11","date_gmt":"2013-01-28T19:24:11","guid":{"rendered":"http:\/\/www.djk-erlangen.de\/verein\/?p=1084"},"modified":"2013-03-14T18:56:36","modified_gmt":"2013-03-14T17:56:36","slug":"fahrt-ins-politische-berlin","status":"publish","type":"post","link":"https:\/\/www.djk-erlangen.de\/verein\/?p=1084","title":{"rendered":"Fahrt ins politische Berlin"},"content":{"rendered":"<p><strong>Noch ein paar Pl\u00e4tze \u00a0verf\u00fcgbar,<\/strong><\/p>\n<p><strong>Anmeldungen \u00fcber das Pfarrb\u00fcro Hl. Kreuz, &#8211; Telefon 71650.<br \/>\nBei der Anmeldung muss Name, Vorname, Adresse und Geburtsdatum<br \/>\nangegeben werden.<\/strong><\/p>\n<p>Liebe Mitglieder und Freunde der DJK,<\/p>\n<p>gemeinsam mit der Pfarrei Heilig Kreuz bieten wir eine Wochenendfahrt nach Berlin an.<\/p>\n<p>Termin: Freitag 26. April 2013 bis Sonntag 28. April 2013<\/p>\n<p>Kosten pro Person im Doppelzimmer 169 Euro<\/p>\n<p>Das genaue Programm entnehmen Sie bitte der beiliegenden Reisebeschreibung des Veranstalters.<\/p>\n<p>Die Anmeldung ist \u00fcber das Pfarrb\u00fcro Hl. Kreuz ab sofort m\u00f6glich.<\/p>\n<p><a title=\"aktualisiertes Programm\" href=\"http:\/\/www.djk-erlangen.de\/verein\/?attachment_id=1107\" target=\"_blank\" rel=\"attachment wp-att-1107\">Dokumentberlin<\/a><\/p>\n","protected":false},"excerpt":{"rendered":"<p>Noch ein paar Pl\u00e4tze \u00a0verf\u00fcgbar, Anmeldungen \u00fcber das Pfarrb\u00fcro Hl. Kreuz, &#8211; Telefon 71650. Bei der Anmeldung muss Name, Vorname, Adresse und Geburtsdatum angegeben werden. Liebe Mitglieder und Freunde der DJK, gemeinsam mit der Pfarrei Heilig Kreuz bieten wir eine &hellip; <a href=\"https:\/\/www.djk-erlangen.de\/verein\/?p=1084\">Weiterlesen <span class=\"meta-nav\">&rarr;<\/span><\/a><\/p>\n","protected":false},"author":12,"featured_media":0,"comment_status":"closed","ping_status":"open","sticky":false,"template":"","format":"standard","meta":{"jetpack_post_was_ever_published":false,"_jetpack_newsletter_access":"","_jetpack_dont_email_post_to_subs":false,"_jetpack_newsletter_tier_id":0,"_jetpack_memberships_contains_paywalled_content":false,"_jetpack_memberships_contains_paid_content":false,"footnotes":"","jetpack_publicize_message":"","jetpack_publicize_feature_enabled":true,"jetpack_social_post_already_shared":false,"jetpack_social_options":{"image_generator_settings":{"template":"highway","default_image_id":0,"font":"","enabled":false},"version":2}},"categories":[1],"tags":[],"class_list":["post-1084","post","type-post","status-publish","format-standard","hentry","category-allgemein"],"jetpack_publicize_connections":[],"jetpack_featured_media_url":"","jetpack_sharing_enabled":true,"jetpack_shortlink":"https:\/\/wp.me\/p9Syja-hu","_links":{"self":[{"href":"https:\/\/www.djk-erlangen.de\/verein\/index.php?rest_route=\/wp\/v2\/posts\/1084","targetHints":{"allow":["GET"]}}],"collection":[{"href":"https:\/\/www.djk-erlangen.de\/verein\/index.php?rest_route=\/wp\/v2\/posts"}],"about":[{"href":"https:\/\/www.djk-erlangen.de\/verein\/index.php?rest_route=\/wp\/v2\/types\/post"}],"author":[{"embeddable":true,"href":"https:\/\/www.djk-erlangen.de\/verein\/index.php?rest_route=\/wp\/v2\/users\/12"}],"replies":[{"embeddable":true,"href":"https:\/\/www.djk-erlangen.de\/verein\/index.php?rest_route=%2Fwp%2Fv2%2Fcomments&post=1084"}],"version-history":[{"count":10,"href":"https:\/\/www.djk-erlangen.de\/verein\/index.php?rest_route=\/wp\/v2\/posts\/1084\/revisions"}],"predecessor-version":[{"id":1090,"href":"https:\/\/www.djk-erlangen.de\/verein\/index.php?rest_route=\/wp\/v2\/posts\/1084\/revisions\/1090"}],"wp:attachment":[{"href":"https:\/\/www.djk-erlangen.de\/verein\/index.php?rest_route=%2Fwp%2Fv2%2Fmedia&parent=1084"}],"wp:term":[{"taxonomy":"category","embeddable":true,"href":"https:\/\/www.djk-erlangen.de\/verein\/index.php?rest_route=%2Fwp%2Fv2%2Fcategories&post=1084"},{"taxonomy":"post_tag","embeddable":true,"href":"https:\/\/www.djk-erlangen.de\/verein\/index.php?rest_route=%2Fwp%2Fv2%2Ftags&post=1084"}],"curies":[{"name":"wp","href":"https:\/\/api.w.org\/{rel}","templated":true}]}}