{"id":665,"date":"2026-04-09T10:25:10","date_gmt":"2026-04-09T08:25:10","guid":{"rendered":"https:\/\/www.djk-erlangen.de\/tennis\/?p=665"},"modified":"2026-04-09T10:25:10","modified_gmt":"2026-04-09T08:25:10","slug":"platzoeffnung","status":"publish","type":"post","link":"https:\/\/www.djk-erlangen.de\/tennis\/?p=665","title":{"rendered":"Platz\u00f6ffnung"},"content":{"rendered":"\n<p>Liebe Mitglieder,<br>jetzt ist es wieder soweit: Am Samstag, dem <strong>18. April 2026 ab 10 Uhr<\/strong>, wird die Tennisanlage wieder in Schwung gebracht.<\/p>\n\n\n\n<figure class=\"wp-block-image\"><img decoding=\"async\" src=\"http:\/\/www.djk-erlangen.de\/tennis\/wp-content\/uploads\/2012\/03\/einw2.gif\" alt=\"PEinwinterung\"\/><\/figure>\n\n\n\n<p>Netze und Sichtschutzplanen m\u00fcssen aufgeh\u00e4ngt, B\u00e4nke, Besen usw. aufgestellt werden. Wir bitten alle Mitglieder, die es irgendwie einrichten k\u00f6nnen, um ihre Mithilfe.<\/p>\n\n\n\n<p>Ihre Abteilungsleitung<\/p>\n\n\n\n<p><\/p>\n","protected":false},"excerpt":{"rendered":"<p>Liebe Mitglieder,jetzt ist es wieder soweit: Am Samstag, dem 18. April 2026 ab 10 Uhr, wird die Tennisanlage wieder in Schwung gebracht. Netze und Sichtschutzplanen m\u00fcssen aufgeh\u00e4ngt, B\u00e4nke, Besen usw. aufgestellt werden. Wir bitten alle Mitglieder, die es irgendwie einrichten &hellip; <a href=\"https:\/\/www.djk-erlangen.de\/tennis\/?p=665\">Weiterlesen <span class=\"meta-nav\">&rarr;<\/span><\/a><\/p>\n","protected":false},"author":3,"featured_media":0,"comment_status":"closed","ping_status":"open","sticky":false,"template":"","format":"standard","meta":{"footnotes":""},"categories":[1],"tags":[],"class_list":["post-665","post","type-post","status-publish","format-standard","hentry","category-allgemein"],"_links":{"self":[{"href":"https:\/\/www.djk-erlangen.de\/tennis\/index.php?rest_route=\/wp\/v2\/posts\/665","targetHints":{"allow":["GET"]}}],"collection":[{"href":"https:\/\/www.djk-erlangen.de\/tennis\/index.php?rest_route=\/wp\/v2\/posts"}],"about":[{"href":"https:\/\/www.djk-erlangen.de\/tennis\/index.php?rest_route=\/wp\/v2\/types\/post"}],"author":[{"embeddable":true,"href":"https:\/\/www.djk-erlangen.de\/tennis\/index.php?rest_route=\/wp\/v2\/users\/3"}],"replies":[{"embeddable":true,"href":"https:\/\/www.djk-erlangen.de\/tennis\/index.php?rest_route=%2Fwp%2Fv2%2Fcomments&post=665"}],"version-history":[{"count":1,"href":"https:\/\/www.djk-erlangen.de\/tennis\/index.php?rest_route=\/wp\/v2\/posts\/665\/revisions"}],"predecessor-version":[{"id":666,"href":"https:\/\/www.djk-erlangen.de\/tennis\/index.php?rest_route=\/wp\/v2\/posts\/665\/revisions\/666"}],"wp:attachment":[{"href":"https:\/\/www.djk-erlangen.de\/tennis\/index.php?rest_route=%2Fwp%2Fv2%2Fmedia&parent=665"}],"wp:term":[{"taxonomy":"category","embeddable":true,"href":"https:\/\/www.djk-erlangen.de\/tennis\/index.php?rest_route=%2Fwp%2Fv2%2Fcategories&post=665"},{"taxonomy":"post_tag","embeddable":true,"href":"https:\/\/www.djk-erlangen.de\/tennis\/index.php?rest_route=%2Fwp%2Fv2%2Ftags&post=665"}],"curies":[{"name":"wp","href":"https:\/\/api.w.org\/{rel}","templated":true}]}}