{"id":662,"date":"2026-02-18T17:03:30","date_gmt":"2026-02-18T16:03:30","guid":{"rendered":"https:\/\/www.djk-erlangen.de\/tennis\/?p=662"},"modified":"2026-02-18T17:03:30","modified_gmt":"2026-02-18T16:03:30","slug":"tennis-abteilungsversammlung","status":"publish","type":"post","link":"https:\/\/www.djk-erlangen.de\/tennis\/?p=662","title":{"rendered":"Tennis-Abteilungsversammlung"},"content":{"rendered":"\n<p>Liebe Mitglieder der Tennisabteilung,<br>Die diesj\u00e4hrige Abteilungsversammlung der Tennisabteilung findet am <strong>Freitag, dem 13. M\u00e4rz 2026, ab 19 Uhr<\/strong> in der Vereinsgastst\u00e4tte statt.<\/p>\n\n\n\n<p><strong>Tagesordnung<\/strong><\/p>\n\n\n\n<ol class=\"wp-block-list\">\n<li>Berichte der Abteilungsleitung<\/li>\n\n\n\n<li>Bericht der Kassenwartin<\/li>\n\n\n\n<li>Bericht der Kassenpr\u00fcfer<\/li>\n\n\n\n<li>Aussprache zu den Berichten<\/li>\n\n\n\n<li>Bildung eines Wahlausschusses<\/li>\n\n\n\n<li>Neuwahl des Abteilungsleiters<\/li>\n\n\n\n<li>Antr\u00e4ge, Verschiedenes<\/li>\n<\/ol>\n\n\n\n<p>Wie alle zwei Jahre wieder hoffe ich, dass sich ein Kandidat<br>f\u00fcr das Amt des Abteilungsleiters meldet.<\/p>\n\n\n\n<p>Friedrich Graef<\/p>\n\n\n\n<p><\/p>\n","protected":false},"excerpt":{"rendered":"<p>Liebe Mitglieder der Tennisabteilung,Die diesj\u00e4hrige Abteilungsversammlung der Tennisabteilung findet am Freitag, dem 13. M\u00e4rz 2026, ab 19 Uhr in der Vereinsgastst\u00e4tte statt. Tagesordnung Wie alle zwei Jahre wieder hoffe ich, dass sich ein Kandidatf\u00fcr das Amt des Abteilungsleiters meldet. Friedrich &hellip; <a href=\"https:\/\/www.djk-erlangen.de\/tennis\/?p=662\">Weiterlesen <span class=\"meta-nav\">&rarr;<\/span><\/a><\/p>\n","protected":false},"author":3,"featured_media":0,"comment_status":"closed","ping_status":"closed","sticky":false,"template":"","format":"standard","meta":{"footnotes":""},"categories":[1],"tags":[],"class_list":["post-662","post","type-post","status-publish","format-standard","hentry","category-allgemein"],"_links":{"self":[{"href":"https:\/\/www.djk-erlangen.de\/tennis\/index.php?rest_route=\/wp\/v2\/posts\/662","targetHints":{"allow":["GET"]}}],"collection":[{"href":"https:\/\/www.djk-erlangen.de\/tennis\/index.php?rest_route=\/wp\/v2\/posts"}],"about":[{"href":"https:\/\/www.djk-erlangen.de\/tennis\/index.php?rest_route=\/wp\/v2\/types\/post"}],"author":[{"embeddable":true,"href":"https:\/\/www.djk-erlangen.de\/tennis\/index.php?rest_route=\/wp\/v2\/users\/3"}],"replies":[{"embeddable":true,"href":"https:\/\/www.djk-erlangen.de\/tennis\/index.php?rest_route=%2Fwp%2Fv2%2Fcomments&post=662"}],"version-history":[{"count":1,"href":"https:\/\/www.djk-erlangen.de\/tennis\/index.php?rest_route=\/wp\/v2\/posts\/662\/revisions"}],"predecessor-version":[{"id":663,"href":"https:\/\/www.djk-erlangen.de\/tennis\/index.php?rest_route=\/wp\/v2\/posts\/662\/revisions\/663"}],"wp:attachment":[{"href":"https:\/\/www.djk-erlangen.de\/tennis\/index.php?rest_route=%2Fwp%2Fv2%2Fmedia&parent=662"}],"wp:term":[{"taxonomy":"category","embeddable":true,"href":"https:\/\/www.djk-erlangen.de\/tennis\/index.php?rest_route=%2Fwp%2Fv2%2Fcategories&post=662"},{"taxonomy":"post_tag","embeddable":true,"href":"https:\/\/www.djk-erlangen.de\/tennis\/index.php?rest_route=%2Fwp%2Fv2%2Ftags&post=662"}],"curies":[{"name":"wp","href":"https:\/\/api.w.org\/{rel}","templated":true}]}}