{"id":987,"date":"2013-12-02T19:28:57","date_gmt":"2013-12-02T18:28:57","guid":{"rendered":"http:\/\/www.djk-erlangen.de\/handball\/?p=987"},"modified":"2013-12-02T19:29:15","modified_gmt":"2013-12-02T18:29:15","slug":"mannschaftsbericht-damen-november-2013","status":"publish","type":"post","link":"https:\/\/www.djk-erlangen.de\/handball\/?p=987","title":{"rendered":"Mannschaftsbericht Damen November 2013"},"content":{"rendered":"<p align=\"JUSTIFY\"><span style=\"font-family: Arial,sans-serif;\">Zu Beginn der diesj\u00e4hrigen Saison konnten wir einige Neuzug\u00e4nge begr\u00fc\u00dfen, die unseren Kader verst\u00e4rken: Theresa Ach, Ramona Ciolka, Heike Temmel und Kerstin Temmel.<\/span><\/p>\n<p align=\"JUSTIFY\"><span style=\"font-family: Arial,sans-serif;\">Diese neu zusammengew\u00fcrfelte Mannschaft hatte sich zum Ziel gesetzt, mit neuem Schwung in die Saison zu starten, und Schritt f\u00fcr Schritt Erfolge aufzubauen.<\/span><\/p>\n<p align=\"JUSTIFY\">\n<p align=\"JUSTIFY\"><span style=\"font-family: Arial,sans-serif;\">Der von uns vor Spielbeginn erw\u00fcnschte gute Saisonstart konnte leider nicht realisiert werden! Das Zusammenspiel gelang uns nur bedingt und dementsprechend schleppend steigerte sich auch die Mannschaftsleistung.<\/span><\/p>\n<p align=\"JUSTIFY\"><span style=\"font-family: Arial,sans-serif;\">Nach einem sehr schwachen Start in die neue Saison 2013\/2014 gegen Eltersdorf (7:27) stand das n\u00e4chste Spiel gegen Eckental auf der Tagesordnung. Da dieses Spiel au\u00dfer Konkurrenz gespielt wurde, konnten wir es als Trainingsspiel nutzen. Doch die n\u00e4chste Niederlage lie\u00df nicht lange auf sich warten. Gegen Diepersdorf konnte die Mannschaft aufgrund einer schlechten ersten Halbzeit das Spiel nicht gewinnen, auch wenn eine gute zweite Halbzeit folgte \u2013 die DJK verlor mit 16:35.<\/span><\/p>\n<p align=\"JUSTIFY\"><span style=\"font-family: Arial,sans-serif;\">Auch gegen Baiersdorf war kein Sieg einzufahren \u2013 wir verloren mit 11:19.<\/span><\/p>\n<p align=\"JUSTIFY\"><span style=\"font-family: Arial,sans-serif;\">Trotz dieser Niederlagen versuchte die Mannschaft immer besser zusammen zu spielen und einige \u2013 im Training ge\u00fcbte Spielz\u00fcge \u2013 umzusetzen. <\/span><\/p>\n<p align=\"JUSTIFY\"><span style=\"font-family: Arial,sans-serif;\">Auch gegen Winkelhaid k\u00e4mpfte die Damenmannschaft tapfer, verlor jedoch mit 15:24. Das vorletzte Spiel der ersten Saisonh\u00e4lfte verloren wir \u2013 trotz der Unterst\u00fctzung einer grandiosen Fangruppe \u2013 gegen Herzogenaurach mit 13:20. Auch dieses Spiel geht nicht in die Wertung der Tabellenplatzierung mit ein, da es au\u00dfer Konkurrenz stattfand.<\/span><\/p>\n<p align=\"JUSTIFY\">\n<p align=\"JUSTIFY\"><span style=\"font-family: Arial,sans-serif;\">Im R\u00fcckblick auf die erste Saisonh\u00e4lfte ziehen wir ein eher ern\u00fcchterndes Fazit, welches wir im Hinblick auf die kommende R\u00fcckrunde zu verbessern versuchen. <\/span><\/p>\n<p align=\"JUSTIFY\"><span style=\"font-family: Arial,sans-serif;\">Allerdings steigen der Kampfesgeist und die Motivation der Mannschaft von Training zu Training an, sodass ein durchweg positives Zusammengeh\u00f6rigkeitsgef\u00fchl der Mannschaft entsteht.<\/span><\/p>\n<p align=\"JUSTIFY\"><span style=\"font-family: Arial,sans-serif;\">Zur Saisonhalbzeit verabschieden wir uns von Claudia Wiegel, die uns aufgrund beruflicher Gr\u00fcnde verl\u00e4sst. In diesem Zusammenhang freuen wir uns aber, dass Lena den Posten der Torh\u00fcterin einnimmt, und gemeinsam mit Ramona, als zweiter Torh\u00fcterin, den Kasten absichert.<\/span><\/p>\n<p align=\"JUSTIFY\"><span style=\"font-family: Arial,sans-serif;\">Ich, als Trainer, hoffe, dass sich die Leichtsinnsfehler \u2013 wie Pass- und Fangfehler \u2013 in Zukunft minimieren und dadurch vielleicht doch noch der ein oder andere Sieg eingefahren werden kann.<\/span><\/p>\n<p align=\"JUSTIFY\"><span style=\"font-family: Arial,sans-serif;\">Auch sollen wieder Aktivit\u00e4ten au\u00dferhalb der Handballrunde geplant werden, die zu einer St\u00e4rkung der Gemeinschaft beitragen, wie beispielsweise ein Beachhandballturnier.<\/span><\/p>\n<p align=\"JUSTIFY\">\n<p align=\"RIGHT\"><span style=\"font-family: Arial,sans-serif;\">@ Roland Konrad<\/span><\/p>\n","protected":false},"excerpt":{"rendered":"<p>Zu Beginn der diesj\u00e4hrigen Saison konnten wir einige Neuzug\u00e4nge begr\u00fc\u00dfen, die unseren Kader verst\u00e4rken: Theresa Ach, Ramona Ciolka, Heike Temmel und Kerstin Temmel. Diese neu zusammengew\u00fcrfelte Mannschaft hatte sich zum Ziel gesetzt, mit neuem Schwung in die Saison zu starten, &hellip; <a href=\"https:\/\/www.djk-erlangen.de\/handball\/?p=987\">Weiterlesen <span class=\"meta-nav\">&rarr;<\/span><\/a><\/p>\n","protected":false},"author":4,"featured_media":0,"comment_status":"closed","ping_status":"closed","sticky":false,"template":"","format":"standard","meta":{"footnotes":""},"categories":[8],"tags":[],"class_list":["post-987","post","type-post","status-publish","format-standard","hentry","category-damen"],"_links":{"self":[{"href":"https:\/\/www.djk-erlangen.de\/handball\/index.php?rest_route=\/wp\/v2\/posts\/987","targetHints":{"allow":["GET"]}}],"collection":[{"href":"https:\/\/www.djk-erlangen.de\/handball\/index.php?rest_route=\/wp\/v2\/posts"}],"about":[{"href":"https:\/\/www.djk-erlangen.de\/handball\/index.php?rest_route=\/wp\/v2\/types\/post"}],"author":[{"embeddable":true,"href":"https:\/\/www.djk-erlangen.de\/handball\/index.php?rest_route=\/wp\/v2\/users\/4"}],"replies":[{"embeddable":true,"href":"https:\/\/www.djk-erlangen.de\/handball\/index.php?rest_route=%2Fwp%2Fv2%2Fcomments&post=987"}],"version-history":[{"count":3,"href":"https:\/\/www.djk-erlangen.de\/handball\/index.php?rest_route=\/wp\/v2\/posts\/987\/revisions"}],"predecessor-version":[{"id":990,"href":"https:\/\/www.djk-erlangen.de\/handball\/index.php?rest_route=\/wp\/v2\/posts\/987\/revisions\/990"}],"wp:attachment":[{"href":"https:\/\/www.djk-erlangen.de\/handball\/index.php?rest_route=%2Fwp%2Fv2%2Fmedia&parent=987"}],"wp:term":[{"taxonomy":"category","embeddable":true,"href":"https:\/\/www.djk-erlangen.de\/handball\/index.php?rest_route=%2Fwp%2Fv2%2Fcategories&post=987"},{"taxonomy":"post_tag","embeddable":true,"href":"https:\/\/www.djk-erlangen.de\/handball\/index.php?rest_route=%2Fwp%2Fv2%2Ftags&post=987"}],"curies":[{"name":"wp","href":"https:\/\/api.w.org\/{rel}","templated":true}]}}