{"id":909,"date":"2013-07-22T21:12:39","date_gmt":"2013-07-22T19:12:39","guid":{"rendered":"http:\/\/www.djk-erlangen.de\/handball\/?p=909"},"modified":"2014-05-12T19:28:42","modified_gmt":"2014-05-12T17:28:42","slug":"ausflug-ins-tucherland","status":"publish","type":"post","link":"https:\/\/www.djk-erlangen.de\/handball\/?p=909","title":{"rendered":"Ausflug ins Tucherland"},"content":{"rendered":"<p>Unser &#8222;allj\u00e4hrliches&#8220; DJK Minizelten ist, wie fr\u00fcher schon ab und zu, auch dieses Jahr leider ins Wasser gefallen.<\/p>\n<p>Nur war diesmal nicht einfach schlechtes Wetter Schuld, sondern die Hochwassersituation in ganz Bayern.<\/p>\n<p>&nbsp;<\/p>\n<p>Aber egal, wenn wir nicht Zelten k\u00f6nnen vergn\u00fcgen wir uns halt In-Door. Deswegen sind wir mit dem gr\u00f6\u00dften Teil unserer E-Jugend und unserer Minis statt zum Zeltplatz ins Tucherland nach N\u00fcrnberg gefahren.<\/p>\n<p>F\u00fcr uns Betreuer war es ein recht angenehmer Ausflug. Die Kinder hatten den ganzen Tag in der gro\u00dfen Halle oder drau\u00dfen zu tun. Vormittags gab es sogar ein wenig Sonne, so das wir den Badesee vor der Haust\u00fcr auch gleich mit nutzen konnten.<\/p>\n<p>Als sich alle endlich die letzte Kraft aus dem Leib gespielt haben ging es am Nachmittag wieder nach Erlangen, zu einem gemeinsamen Abendessen in unserem DJK Vereinsheim.<\/p>\n<p>&nbsp;<\/p>\n<p>Vielen Dank an alle Eltern, Helfer und Betreuer, die uns Trainer (wie so oft) unterst\u00fctzt haben.<\/p>\n<p>&nbsp;<\/p>\n<p><a href=\"http:\/\/www.djk-erlangen.de\/handball\/wp-content\/uploads\/2013\/08\/Tucherland-2013-IMAG0348.jpg\"><img loading=\"lazy\" decoding=\"async\" class=\"alignleft  wp-image-910\" src=\"http:\/\/www.djk-erlangen.de\/handball\/wp-content\/uploads\/2013\/08\/Tucherland-2013-IMAG0348-1024x576.jpg\" alt=\"Tucherland 2013\" width=\"575\" height=\"341\" \/><\/a><\/p>\n","protected":false},"excerpt":{"rendered":"<p>Unser &#8222;allj\u00e4hrliches&#8220; DJK Minizelten ist, wie fr\u00fcher schon ab und zu, auch dieses Jahr leider ins Wasser gefallen. Nur war diesmal nicht einfach schlechtes Wetter Schuld, sondern die Hochwassersituation in ganz Bayern. &nbsp; Aber egal, wenn wir nicht Zelten k\u00f6nnen &hellip; <a href=\"https:\/\/www.djk-erlangen.de\/handball\/?p=909\">Weiterlesen <span class=\"meta-nav\">&rarr;<\/span><\/a><\/p>\n","protected":false},"author":4,"featured_media":0,"comment_status":"closed","ping_status":"closed","sticky":false,"template":"","format":"standard","meta":{"footnotes":""},"categories":[11,9],"tags":[],"class_list":["post-909","post","type-post","status-publish","format-standard","hentry","category-e-jugend","category-minis"],"_links":{"self":[{"href":"https:\/\/www.djk-erlangen.de\/handball\/index.php?rest_route=\/wp\/v2\/posts\/909","targetHints":{"allow":["GET"]}}],"collection":[{"href":"https:\/\/www.djk-erlangen.de\/handball\/index.php?rest_route=\/wp\/v2\/posts"}],"about":[{"href":"https:\/\/www.djk-erlangen.de\/handball\/index.php?rest_route=\/wp\/v2\/types\/post"}],"author":[{"embeddable":true,"href":"https:\/\/www.djk-erlangen.de\/handball\/index.php?rest_route=\/wp\/v2\/users\/4"}],"replies":[{"embeddable":true,"href":"https:\/\/www.djk-erlangen.de\/handball\/index.php?rest_route=%2Fwp%2Fv2%2Fcomments&post=909"}],"version-history":[{"count":2,"href":"https:\/\/www.djk-erlangen.de\/handball\/index.php?rest_route=\/wp\/v2\/posts\/909\/revisions"}],"predecessor-version":[{"id":1048,"href":"https:\/\/www.djk-erlangen.de\/handball\/index.php?rest_route=\/wp\/v2\/posts\/909\/revisions\/1048"}],"wp:attachment":[{"href":"https:\/\/www.djk-erlangen.de\/handball\/index.php?rest_route=%2Fwp%2Fv2%2Fmedia&parent=909"}],"wp:term":[{"taxonomy":"category","embeddable":true,"href":"https:\/\/www.djk-erlangen.de\/handball\/index.php?rest_route=%2Fwp%2Fv2%2Fcategories&post=909"},{"taxonomy":"post_tag","embeddable":true,"href":"https:\/\/www.djk-erlangen.de\/handball\/index.php?rest_route=%2Fwp%2Fv2%2Ftags&post=909"}],"curies":[{"name":"wp","href":"https:\/\/api.w.org\/{rel}","templated":true}]}}