{"id":867,"date":"2013-07-26T19:32:12","date_gmt":"2013-07-26T17:32:12","guid":{"rendered":"http:\/\/www.djk-erlangen.de\/handball\/?p=867"},"modified":"2013-08-18T19:56:01","modified_gmt":"2013-08-18T17:56:01","slug":"mannschaftsbericht-minis-juli-2013","status":"publish","type":"post","link":"https:\/\/www.djk-erlangen.de\/handball\/?p=867","title":{"rendered":"Mannschaftsbericht Minis Juli 2013"},"content":{"rendered":"<p><span style=\"font-family: Arial,sans-serif;\">Hallo Alle zusammen,<\/span><\/p>\n<p><span style=\"font-family: Arial,sans-serif;\">eine weitere Saison ist nun vorbei. Leider verlieren wir viele unserer Minis. Dass Sch\u00f6ne an dieser Nachricht ist, dass sie nur die Minis verlassen und ab sofort unsere E-Jugend verst\u00e4rken.<\/span><\/p>\n<p>&nbsp;<\/p>\n<p><span style=\"font-family: Arial,sans-serif;\">Ein R\u00fcckblick zur letzten Saison:<\/span><\/p>\n<p><span style=\"font-family: Arial,sans-serif;\">Ich fange mit dem Trainerstab an, hier haben wir von der Wunni (Nicole) eine sehr gute Unterst\u00fctzung erhalten. Liebe Wunni, vielen Dank daf\u00fcr.<\/span><\/p>\n<p>&nbsp;<\/p>\n<p><span style=\"font-family: Arial,sans-serif;\">Nun zu unseren kleinsten Handballspielern:<\/span><\/p>\n<p><span style=\"font-family: Arial,sans-serif;\">Viele\u2026 nein, eigentlich alle, haben vor allem im letzten halben Jahr eine sehr starke Ver\u00e4nderung in ihren Spielen an den Tag gelegt.<\/span><\/p>\n<p><span style=\"font-family: Arial,sans-serif;\">Von Turnier zu Turnier waren viele Steigerungen sehr deutlich. Es gab Spiele, die sehr hoch gewonnen wurden und Spiele (meistens das Erste vom Turnier), die knapp verloren wurden.<\/span><\/p>\n<p>&nbsp;<\/p>\n<p><span style=\"font-family: Arial,sans-serif;\">Wie bereits oben erw\u00e4hnt, haben sich unsere Minis etwas dezimiert, wir haben aber auch schon 2-3 neue Kinder dazu bekommen und hoffen auch weiterhin auf Zuwachs.<\/span><\/p>\n<p><span style=\"font-family: Arial,sans-serif;\">Zu unseren au\u00dfer Hallenaktivit\u00e4ten, k\u00f6nnen wir unser j\u00e4hrliches Zelten z\u00e4hlen, dass dieses Jahr durch einen Aufenthalt im Tucherland ersetzt wurde, da Wetterbedingt unser Zeltplatz noch sehr durchn\u00e4sst war.<\/span><\/p>\n<p><span style=\"font-family: Arial,sans-serif;\">Auch haben wird den Kindern bei Temperaturen von \u00fcber 30 Grad den Sport in der Halle erlassen und sind mit ihnen Eisessen gegangen.<\/span><\/p>\n<p><span style=\"font-family: Arial,sans-serif;\">Wir hoffen noch weiter auf regen Zuwachs.<\/span><\/p>\n<p>&nbsp;<\/p>\n<p><span style=\"font-family: Arial,sans-serif;\">Eure Trainer.<\/span><\/p>\n","protected":false},"excerpt":{"rendered":"<p>Hallo Alle zusammen, eine weitere Saison ist nun vorbei. Leider verlieren wir viele unserer Minis. Dass Sch\u00f6ne an dieser Nachricht ist, dass sie nur die Minis verlassen und ab sofort unsere E-Jugend verst\u00e4rken. &nbsp; Ein R\u00fcckblick zur letzten Saison: Ich &hellip; <a href=\"https:\/\/www.djk-erlangen.de\/handball\/?p=867\">Weiterlesen <span class=\"meta-nav\">&rarr;<\/span><\/a><\/p>\n","protected":false},"author":4,"featured_media":0,"comment_status":"closed","ping_status":"closed","sticky":false,"template":"","format":"standard","meta":{"footnotes":""},"categories":[9],"tags":[],"class_list":["post-867","post","type-post","status-publish","format-standard","hentry","category-minis"],"_links":{"self":[{"href":"https:\/\/www.djk-erlangen.de\/handball\/index.php?rest_route=\/wp\/v2\/posts\/867","targetHints":{"allow":["GET"]}}],"collection":[{"href":"https:\/\/www.djk-erlangen.de\/handball\/index.php?rest_route=\/wp\/v2\/posts"}],"about":[{"href":"https:\/\/www.djk-erlangen.de\/handball\/index.php?rest_route=\/wp\/v2\/types\/post"}],"author":[{"embeddable":true,"href":"https:\/\/www.djk-erlangen.de\/handball\/index.php?rest_route=\/wp\/v2\/users\/4"}],"replies":[{"embeddable":true,"href":"https:\/\/www.djk-erlangen.de\/handball\/index.php?rest_route=%2Fwp%2Fv2%2Fcomments&post=867"}],"version-history":[{"count":1,"href":"https:\/\/www.djk-erlangen.de\/handball\/index.php?rest_route=\/wp\/v2\/posts\/867\/revisions"}],"predecessor-version":[{"id":868,"href":"https:\/\/www.djk-erlangen.de\/handball\/index.php?rest_route=\/wp\/v2\/posts\/867\/revisions\/868"}],"wp:attachment":[{"href":"https:\/\/www.djk-erlangen.de\/handball\/index.php?rest_route=%2Fwp%2Fv2%2Fmedia&parent=867"}],"wp:term":[{"taxonomy":"category","embeddable":true,"href":"https:\/\/www.djk-erlangen.de\/handball\/index.php?rest_route=%2Fwp%2Fv2%2Fcategories&post=867"},{"taxonomy":"post_tag","embeddable":true,"href":"https:\/\/www.djk-erlangen.de\/handball\/index.php?rest_route=%2Fwp%2Fv2%2Ftags&post=867"}],"curies":[{"name":"wp","href":"https:\/\/api.w.org\/{rel}","templated":true}]}}