{"id":863,"date":"2013-07-26T19:45:12","date_gmt":"2013-07-26T17:45:12","guid":{"rendered":"http:\/\/www.djk-erlangen.de\/handball\/?p=863"},"modified":"2013-08-18T19:50:59","modified_gmt":"2013-08-18T17:50:59","slug":"mannschaftsbericht-damen-juli-2013","status":"publish","type":"post","link":"https:\/\/www.djk-erlangen.de\/handball\/?p=863","title":{"rendered":"Mannschaftsbericht Damen Juli 2013"},"content":{"rendered":"<p><span style=\"font-family: Arial,sans-serif;\"><b>R\u00fcckblick<\/b><\/span><\/p>\n<p align=\"JUSTIFY\">\n<p align=\"JUSTIFY\"><span style=\"font-family: Arial,sans-serif;\">Nun ist es geschafft &#8211; die Runde ist \u00fcberstanden! Nachdem in dieser Saison verh\u00e4ltnism\u00e4\u00dfig wenige Mannschaften an der Spielrunde teilnahmen, waren wir aufgrund unserer dezimierten Spieleranzahl auch sehr froh, als das letzte Spiel geschafft war.<\/span><\/p>\n<p align=\"JUSTIFY\">\n<p align=\"JUSTIFY\"><span style=\"font-family: Arial,sans-serif;\">Leider mussten wir des \u00d6fteren auf Spielerinnen verzichten, da sie krankheitsbedingt ausfielen oder terminlich verhindert waren. Somit dezimierte sich der Kader in einigen Spielen auf ein Minimum.<\/span><\/p>\n<p align=\"JUSTIFY\"><span style=\"font-family: Arial,sans-serif;\">Jedoch wurden auch Spiele mit voll besetzter Mannschaft nur selten gewonnen, was zum einen auf mangelnden Spielfluss, zum anderen auf fehlenden Kampfgeist zur\u00fcckzuf\u00fchren ist.<\/span><\/p>\n<p align=\"JUSTIFY\"><span style=\"font-family: Arial,sans-serif;\">Gro\u00dfe Defizite zeigten sich auch beim 7-Meter-Werfen, sodass hier leider auch keine Ausgleichsm\u00f6glichkeiten genutzt werden konnten.<\/span><\/p>\n<p align=\"JUSTIFY\">\n<p align=\"JUSTIFY\"><span style=\"font-family: Arial,sans-serif;\">Nach einer f\u00fcr uns eher entt\u00e4uschenden Saison belegten wir leider nur den 5. Platz.<\/span><\/p>\n<p align=\"JUSTIFY\">\n<p align=\"JUSTIFY\">\n<p align=\"JUSTIFY\"><span style=\"font-family: Arial,sans-serif;\"><b>Beachhandball<\/b><\/span><\/p>\n<p align=\"JUSTIFY\">\n<p align=\"JUSTIFY\"><span style=\"font-family: Arial,sans-serif;\">Nach dieser eher erfolglosen Saison kam uns die Einladung zu einem Beachturnier gerade Recht, die wir mit gro\u00dfer Vorfreude zusagten. Am Wochenende fuhren wir zwei Tage nach Schonungen und hatten gro\u00dfen Spa\u00df!<\/span><\/p>\n<p align=\"JUSTIFY\"><span style=\"font-family: Arial,sans-serif;\">Hier stand nun weniger der spielerische Erfolg im Mittelpunkt, als mehr der Spa\u00df an dieser gemeinsamen Aktivit\u00e4t und der wachsende Zusammenhalt der Mannschaft!<\/span><\/p>\n<p align=\"JUSTIFY\"><span style=\"font-family: Arial,sans-serif;\">Es wurde gebeacht, gefeiert und gelacht!<\/span><\/p>\n<p align=\"JUSTIFY\">\n<p align=\"JUSTIFY\">\n<p align=\"JUSTIFY\"><span style=\"font-family: Arial,sans-serif;\"><b>Angriff auf die neue Saison<\/b><\/span><\/p>\n<p align=\"JUSTIFY\">\n<p align=\"JUSTIFY\"><span style=\"font-family: Arial,sans-serif;\">Nach der Sommerpause werden wir unser Training wieder intensiv aufnehmen, um konditionellen Schw\u00e4chen und technischen M\u00e4ngeln entgegenzuwirken und uns f\u00fcr die kommende Saison fit zu machen.<\/span><\/p>\n<p align=\"JUSTIFY\">\n<p align=\"JUSTIFY\"><span style=\"font-family: Arial,sans-serif;\">Leider m\u00fcssen wir uns auch nach dieser Spielrunde von zwei Spielerinnen verabschieden, von denen eine aufgrund beruflicher Ver\u00e4nderungen die DJK Erlangen verlassen wird, w\u00e4hrend die andere in den hanballerischen \u201eRuhestand\u201c geht. Wir bedanken uns bei Carena Barth und w\u00fcnschen ihr viel Erfolg in Frankreich!<\/span><\/p>\n<p align=\"JUSTIFY\"><span style=\"font-family: Arial,sans-serif;\">Sabine Schmidt h\u00f6rt zwar auf, aktiv Handball zu spielen, bleibt der Mannschaft und mir gl\u00fccklicherweise als helfende Hand erhalten!<\/span><\/p>\n<p align=\"JUSTIFY\">\n<p align=\"JUSTIFY\"><span style=\"font-family: Arial,sans-serif;\">Aber es gibt auch erfreuliche Neuzug\u00e4nge:<\/span><\/p>\n<p align=\"JUSTIFY\"><span style=\"font-family: Arial,sans-serif;\">Unsere Mannschaft hat sich deutlich vergr\u00f6\u00dfert, sodass wir folgende Neuzug\u00e4nge herzlich begr\u00fc\u00dfen: Theresa Ach, Ramona Ciolca, Rabea Jochymsky, Lena Krug und Sarah Neugebauer!<\/span><\/p>\n<p align=\"JUSTIFY\"><span style=\"font-family: Arial,sans-serif;\">Mit dieser geballten Verst\u00e4rkung erhoffen wir uns eine erfolgreichere Saison und viele motivierende Trainingseinheiten!<\/span><\/p>\n<p align=\"JUSTIFY\"><span style=\"font-family: Arial,sans-serif;\">Nichtsdestotrotz fehlt uns immer noch ein zweiter Torwart, der unsere Claudia zwischen den Pfosten tatkr\u00e4ftig unterst\u00fctzt! <\/span><\/p>\n<p align=\"JUSTIFY\"><span style=\"font-family: Arial,sans-serif;\">Solltest du Spa\u00df am Handball haben und Bock haben, zwischen den Pfosten zu stehen, dann melde dich bei uns!<\/span><\/p>\n<p align=\"JUSTIFY\"><span style=\"font-family: Arial,sans-serif;\">Trainingszeiten: Mittwoch, 18 &#8211; 20 Uhr, Sporthalle am Europakanal.<\/span><\/p>\n<p><span style=\"font-family: Arial,sans-serif;\">Ein herzlicher Dank geht an unsere (sehr wenigen) treuen Fans, die uns meistens lautstark unterst\u00fctzen. Ich hoffe, dass wir unseren Kader in der n\u00e4chsten Saison erweitern und somit einen guten Saisonstart hinlegen k\u00f6nnen!<\/span><\/p>\n","protected":false},"excerpt":{"rendered":"<p>R\u00fcckblick Nun ist es geschafft &#8211; die Runde ist \u00fcberstanden! Nachdem in dieser Saison verh\u00e4ltnism\u00e4\u00dfig wenige Mannschaften an der Spielrunde teilnahmen, waren wir aufgrund unserer dezimierten Spieleranzahl auch sehr froh, als das letzte Spiel geschafft war. Leider mussten wir des &hellip; <a href=\"https:\/\/www.djk-erlangen.de\/handball\/?p=863\">Weiterlesen <span class=\"meta-nav\">&rarr;<\/span><\/a><\/p>\n","protected":false},"author":4,"featured_media":0,"comment_status":"closed","ping_status":"closed","sticky":false,"template":"","format":"standard","meta":{"footnotes":""},"categories":[8],"tags":[],"class_list":["post-863","post","type-post","status-publish","format-standard","hentry","category-damen"],"_links":{"self":[{"href":"https:\/\/www.djk-erlangen.de\/handball\/index.php?rest_route=\/wp\/v2\/posts\/863","targetHints":{"allow":["GET"]}}],"collection":[{"href":"https:\/\/www.djk-erlangen.de\/handball\/index.php?rest_route=\/wp\/v2\/posts"}],"about":[{"href":"https:\/\/www.djk-erlangen.de\/handball\/index.php?rest_route=\/wp\/v2\/types\/post"}],"author":[{"embeddable":true,"href":"https:\/\/www.djk-erlangen.de\/handball\/index.php?rest_route=\/wp\/v2\/users\/4"}],"replies":[{"embeddable":true,"href":"https:\/\/www.djk-erlangen.de\/handball\/index.php?rest_route=%2Fwp%2Fv2%2Fcomments&post=863"}],"version-history":[{"count":3,"href":"https:\/\/www.djk-erlangen.de\/handball\/index.php?rest_route=\/wp\/v2\/posts\/863\/revisions"}],"predecessor-version":[{"id":865,"href":"https:\/\/www.djk-erlangen.de\/handball\/index.php?rest_route=\/wp\/v2\/posts\/863\/revisions\/865"}],"wp:attachment":[{"href":"https:\/\/www.djk-erlangen.de\/handball\/index.php?rest_route=%2Fwp%2Fv2%2Fmedia&parent=863"}],"wp:term":[{"taxonomy":"category","embeddable":true,"href":"https:\/\/www.djk-erlangen.de\/handball\/index.php?rest_route=%2Fwp%2Fv2%2Fcategories&post=863"},{"taxonomy":"post_tag","embeddable":true,"href":"https:\/\/www.djk-erlangen.de\/handball\/index.php?rest_route=%2Fwp%2Fv2%2Ftags&post=863"}],"curies":[{"name":"wp","href":"https:\/\/api.w.org\/{rel}","templated":true}]}}