{"id":842,"date":"2013-07-29T20:42:08","date_gmt":"2013-07-29T18:42:08","guid":{"rendered":"http:\/\/www.djk-erlangen.de\/handball\/?p=842"},"modified":"2013-08-18T18:50:36","modified_gmt":"2013-08-18T16:50:36","slug":"sommerferien","status":"publish","type":"post","link":"https:\/\/www.djk-erlangen.de\/handball\/?p=842","title":{"rendered":"Sommerferien"},"content":{"rendered":"<p>Vom 31.7 bis zum 11.9 dieses Jahres sind mal wieder Sommerferien.<\/p>\n<p>W\u00e4hrend der Ferien findet kein Jugendtraining statt.<\/p>\n<p>Das Training f\u00fcr die Erwachsenen kann leider auch nicht in unserer Halle abgehalten werden, da diese auch noch renoviert wird.<\/p>\n<p>F\u00fcr n\u00e4here Informationen bitte bei den jeweiligen Trainern melden.<\/p>\n<p>&nbsp;<\/p>\n<p>Wir w\u00fcnschen allen sch\u00f6ne Sommerferien.<\/p>\n","protected":false},"excerpt":{"rendered":"<p>Vom 31.7 bis zum 11.9 dieses Jahres sind mal wieder Sommerferien. W\u00e4hrend der Ferien findet kein Jugendtraining statt. Das Training f\u00fcr die Erwachsenen kann leider auch nicht in unserer Halle abgehalten werden, da diese auch noch renoviert wird. F\u00fcr n\u00e4here &hellip; <a href=\"https:\/\/www.djk-erlangen.de\/handball\/?p=842\">Weiterlesen <span class=\"meta-nav\">&rarr;<\/span><\/a><\/p>\n","protected":false},"author":4,"featured_media":0,"comment_status":"closed","ping_status":"closed","sticky":false,"template":"","format":"standard","meta":{"footnotes":""},"categories":[1],"tags":[],"class_list":["post-842","post","type-post","status-publish","format-standard","hentry","category-allgemein"],"_links":{"self":[{"href":"https:\/\/www.djk-erlangen.de\/handball\/index.php?rest_route=\/wp\/v2\/posts\/842","targetHints":{"allow":["GET"]}}],"collection":[{"href":"https:\/\/www.djk-erlangen.de\/handball\/index.php?rest_route=\/wp\/v2\/posts"}],"about":[{"href":"https:\/\/www.djk-erlangen.de\/handball\/index.php?rest_route=\/wp\/v2\/types\/post"}],"author":[{"embeddable":true,"href":"https:\/\/www.djk-erlangen.de\/handball\/index.php?rest_route=\/wp\/v2\/users\/4"}],"replies":[{"embeddable":true,"href":"https:\/\/www.djk-erlangen.de\/handball\/index.php?rest_route=%2Fwp%2Fv2%2Fcomments&post=842"}],"version-history":[{"count":1,"href":"https:\/\/www.djk-erlangen.de\/handball\/index.php?rest_route=\/wp\/v2\/posts\/842\/revisions"}],"predecessor-version":[{"id":843,"href":"https:\/\/www.djk-erlangen.de\/handball\/index.php?rest_route=\/wp\/v2\/posts\/842\/revisions\/843"}],"wp:attachment":[{"href":"https:\/\/www.djk-erlangen.de\/handball\/index.php?rest_route=%2Fwp%2Fv2%2Fmedia&parent=842"}],"wp:term":[{"taxonomy":"category","embeddable":true,"href":"https:\/\/www.djk-erlangen.de\/handball\/index.php?rest_route=%2Fwp%2Fv2%2Fcategories&post=842"},{"taxonomy":"post_tag","embeddable":true,"href":"https:\/\/www.djk-erlangen.de\/handball\/index.php?rest_route=%2Fwp%2Fv2%2Ftags&post=842"}],"curies":[{"name":"wp","href":"https:\/\/api.w.org\/{rel}","templated":true}]}}