{"id":760,"date":"2012-10-16T22:49:58","date_gmt":"2012-10-16T20:49:58","guid":{"rendered":"http:\/\/www.djk-erlangen.de\/handball\/?p=760"},"modified":"2012-10-17T12:58:22","modified_gmt":"2012-10-17T10:58:22","slug":"einladung-zur-abteilungsversammlung","status":"publish","type":"post","link":"https:\/\/www.djk-erlangen.de\/handball\/?p=760","title":{"rendered":"Einladung zur Abteilungsversammlung"},"content":{"rendered":"<p align=\"CENTER\"><span style=\"color: #000000;\"><span style=\"font-size: 300%;\"><span style=\"text-decoration: underline;\"><strong>Einladung!<\/strong><\/span><\/span><\/span><span style=\"color: #000000;\"><span style=\"font-size: 300%;\"><br \/>\n<\/span><\/span><\/p>\n<p align=\"CENTER\"><span style=\"color: #000000;\"><span style=\"font-size: x-large;\"><strong>zur Abteilungsversammlung der Handballabteilung<\/strong><\/span><\/span><\/p>\n<p>&nbsp;<\/p>\n<p>&nbsp;<\/p>\n<p><span style=\"color: #000000;\"><span style=\"font-size: x-large;\"><span style=\"text-decoration: underline;\"><strong>Wann<\/strong><\/span><\/span><\/span><span style=\"color: #000000;\"><span style=\"font-size: x-large;\"><strong>:<\/strong><\/span><\/span><span style=\"color: #000000;\"><span style=\"font-size: x-large;\"> Freitag, 22.02.2013 um 19:30 Uhr<\/span><\/span><\/p>\n<p><span style=\"color: #000000;\"><span style=\"font-size: x-large;\"><span style=\"text-decoration: underline;\"><strong>Wo:<\/strong><\/span><\/span><\/span><span style=\"color: #000000;\"><span style=\"font-size: x-large;\"> im Jugendraum des DJK-Vereinsheims<\/span><\/span><\/p>\n<p>&nbsp;<\/p>\n<p><span style=\"color: #000000;\"><span style=\"font-size: x-large;\"><span style=\"text-decoration: underline;\"><strong>Tagesordnungspunkte:<\/strong><\/span><\/span><\/span><\/p>\n<ul>\n<li><span style=\"color: #000000;\"><span style=\"font-size: x-large;\">Bericht des Abteilungsleiters<\/span><\/span><\/li>\n<li><span style=\"color: #000000;\"><span style=\"font-size: x-large;\">Kassenbericht<\/span><\/span><\/li>\n<li><span style=\"color: #000000;\"><span style=\"font-size: x-large;\">Bericht der Kassenpr\u00fcfer<\/span><\/span><\/li>\n<li><span style=\"color: #000000;\"><span style=\"font-size: x-large;\">Aussprache zu den Berichten<\/span><\/span><\/li>\n<li><span style=\"color: #000000;\"><span style=\"font-size: x-large;\">Entlastung der Abteilungsleitung<\/span><\/span><\/li>\n<li><span style=\"color: #000000;\"><span style=\"font-size: x-large;\">Neuwahlen <\/span><\/span><\/li>\n<li><span style=\"color: #000000;\"><span style=\"font-size: x-large;\">Antr\u00e4ge, W\u00fcnsche, Sonstiges<\/span><\/span><\/li>\n<\/ul>\n<p>&nbsp;<\/p>\n<p><span style=\"color: #000000;\"><span style=\"font-size: large;\">Antr\u00e4ge auf \u00c4nderung oder Erg\u00e4nzung der Tagesordnung sind bis sp\u00e4testens 31.12.2012 beim Abteilungsleiter einzureichen.<\/span><\/span><\/p>\n<p>&nbsp;<\/p>\n<h1><span style=\"font-family: Times New Roman,serif;\"><span style=\"font-size: x-large;\">Tanja Hainzl<\/span><\/span><\/h1>\n<p><span style=\"color: #000000;\"><span style=\"font-size: x-large;\">Handballabteilungsleiter<\/span><\/span><\/p>\n","protected":false},"excerpt":{"rendered":"<p>Einladung! zur Abteilungsversammlung der Handballabteilung &nbsp; &nbsp; Wann: Freitag, 22.02.2013 um 19:30 Uhr Wo: im Jugendraum des DJK-Vereinsheims &nbsp; Tagesordnungspunkte: Bericht des Abteilungsleiters Kassenbericht Bericht der Kassenpr\u00fcfer Aussprache zu den Berichten Entlastung der Abteilungsleitung Neuwahlen Antr\u00e4ge, W\u00fcnsche, Sonstiges &nbsp; Antr\u00e4ge &hellip; <a href=\"https:\/\/www.djk-erlangen.de\/handball\/?p=760\">Weiterlesen <span class=\"meta-nav\">&rarr;<\/span><\/a><\/p>\n","protected":false},"author":4,"featured_media":0,"comment_status":"closed","ping_status":"closed","sticky":false,"template":"","format":"standard","meta":{"footnotes":""},"categories":[1],"tags":[],"class_list":["post-760","post","type-post","status-publish","format-standard","hentry","category-allgemein"],"_links":{"self":[{"href":"https:\/\/www.djk-erlangen.de\/handball\/index.php?rest_route=\/wp\/v2\/posts\/760","targetHints":{"allow":["GET"]}}],"collection":[{"href":"https:\/\/www.djk-erlangen.de\/handball\/index.php?rest_route=\/wp\/v2\/posts"}],"about":[{"href":"https:\/\/www.djk-erlangen.de\/handball\/index.php?rest_route=\/wp\/v2\/types\/post"}],"author":[{"embeddable":true,"href":"https:\/\/www.djk-erlangen.de\/handball\/index.php?rest_route=\/wp\/v2\/users\/4"}],"replies":[{"embeddable":true,"href":"https:\/\/www.djk-erlangen.de\/handball\/index.php?rest_route=%2Fwp%2Fv2%2Fcomments&post=760"}],"version-history":[{"count":4,"href":"https:\/\/www.djk-erlangen.de\/handball\/index.php?rest_route=\/wp\/v2\/posts\/760\/revisions"}],"predecessor-version":[{"id":764,"href":"https:\/\/www.djk-erlangen.de\/handball\/index.php?rest_route=\/wp\/v2\/posts\/760\/revisions\/764"}],"wp:attachment":[{"href":"https:\/\/www.djk-erlangen.de\/handball\/index.php?rest_route=%2Fwp%2Fv2%2Fmedia&parent=760"}],"wp:term":[{"taxonomy":"category","embeddable":true,"href":"https:\/\/www.djk-erlangen.de\/handball\/index.php?rest_route=%2Fwp%2Fv2%2Fcategories&post=760"},{"taxonomy":"post_tag","embeddable":true,"href":"https:\/\/www.djk-erlangen.de\/handball\/index.php?rest_route=%2Fwp%2Fv2%2Ftags&post=760"}],"curies":[{"name":"wp","href":"https:\/\/api.w.org\/{rel}","templated":true}]}}