{"id":656,"date":"2012-07-30T20:46:45","date_gmt":"2012-07-30T18:46:45","guid":{"rendered":"http:\/\/www.djk-erlangen.de\/handball\/?p=656"},"modified":"2014-05-12T19:27:47","modified_gmt":"2014-05-12T17:27:47","slug":"sommerpause","status":"publish","type":"post","link":"https:\/\/www.djk-erlangen.de\/handball\/?p=656","title":{"rendered":"Sommerpause"},"content":{"rendered":"<p>W\u00e4hrend der Sommerferien ist unsere Halle geschlossen.<\/p>\n<p>Das n\u00e4chste regul\u00e4re Training f\u00fcr unsere E-Jugend und die Minis findet am Mittwoch, den 19.09.2012 in der Eurohalle statt.<\/p>\n","protected":false},"excerpt":{"rendered":"<p>W\u00e4hrend der Sommerferien ist unsere Halle geschlossen. Das n\u00e4chste regul\u00e4re Training f\u00fcr unsere E-Jugend und die Minis findet am Mittwoch, den 19.09.2012 in der Eurohalle statt.<\/p>\n","protected":false},"author":4,"featured_media":0,"comment_status":"closed","ping_status":"closed","sticky":false,"template":"","format":"standard","meta":{"footnotes":""},"categories":[11,9],"tags":[],"class_list":["post-656","post","type-post","status-publish","format-standard","hentry","category-e-jugend","category-minis"],"_links":{"self":[{"href":"https:\/\/www.djk-erlangen.de\/handball\/index.php?rest_route=\/wp\/v2\/posts\/656","targetHints":{"allow":["GET"]}}],"collection":[{"href":"https:\/\/www.djk-erlangen.de\/handball\/index.php?rest_route=\/wp\/v2\/posts"}],"about":[{"href":"https:\/\/www.djk-erlangen.de\/handball\/index.php?rest_route=\/wp\/v2\/types\/post"}],"author":[{"embeddable":true,"href":"https:\/\/www.djk-erlangen.de\/handball\/index.php?rest_route=\/wp\/v2\/users\/4"}],"replies":[{"embeddable":true,"href":"https:\/\/www.djk-erlangen.de\/handball\/index.php?rest_route=%2Fwp%2Fv2%2Fcomments&post=656"}],"version-history":[{"count":1,"href":"https:\/\/www.djk-erlangen.de\/handball\/index.php?rest_route=\/wp\/v2\/posts\/656\/revisions"}],"predecessor-version":[{"id":657,"href":"https:\/\/www.djk-erlangen.de\/handball\/index.php?rest_route=\/wp\/v2\/posts\/656\/revisions\/657"}],"wp:attachment":[{"href":"https:\/\/www.djk-erlangen.de\/handball\/index.php?rest_route=%2Fwp%2Fv2%2Fmedia&parent=656"}],"wp:term":[{"taxonomy":"category","embeddable":true,"href":"https:\/\/www.djk-erlangen.de\/handball\/index.php?rest_route=%2Fwp%2Fv2%2Fcategories&post=656"},{"taxonomy":"post_tag","embeddable":true,"href":"https:\/\/www.djk-erlangen.de\/handball\/index.php?rest_route=%2Fwp%2Fv2%2Ftags&post=656"}],"curies":[{"name":"wp","href":"https:\/\/api.w.org\/{rel}","templated":true}]}}