{"id":300,"date":"2011-06-15T19:32:54","date_gmt":"2011-06-15T17:32:54","guid":{"rendered":"http:\/\/www.djk-erlangen.de\/handball\/?p=300"},"modified":"2011-06-17T17:54:17","modified_gmt":"2011-06-17T15:54:17","slug":"mannschaftsbericht-damen-juni-2011","status":"publish","type":"post","link":"https:\/\/www.djk-erlangen.de\/handball\/?p=300","title":{"rendered":"Mannschaftsbericht Damen Juni 2011"},"content":{"rendered":"<p><span style=\"font-family: Arial,sans-serif;\">Frei nach der Devise \u201eSportlich Gas geben und Punkte abr\u00e4umen\u201c, startete die Mannschaft mit einem guten Spiel in die neue Saison!<\/span><\/p>\n<p><span style=\"font-family: Arial,sans-serif;\">Der erste Sieg gegen die Newcomer aus Effeltrich (23:3) lie\u00df nicht lange auf sich warten. Leider mussten wir schon nach zwei Spielen auf eine unserer R\u00fcckraumspielerinnen verzichten, da sie krankheitsbedingt pausieren musste. Dadurch angespornt, r\u00fcckte die Mannschaft n\u00e4her zusammen und jede Spielerin brachte f\u00fcr ihre M\u00f6glichkeiten vollen Einsatz. <\/span><\/p>\n<p><span style=\"font-family: Arial,sans-serif;\">Leider schlug diese Motivation manchmal in \u00dcbermut um, sodass die ein oder andere Verletzung zu Umstellungen in der Mannschaftsaufstellung f\u00fchrte.<\/span><\/p>\n<p><span style=\"font-family: Arial,sans-serif;\">Doch auch diese  Ver\u00e4nderung meisterten die M\u00e4dels mit \u00dcbersicht und Routine. <\/span><\/p>\n<p><span style=\"font-family: Arial,sans-serif;\">Trotz zufriedenstellender spielerischer Leistung, konnte der TSV Winkelhaid in heimischer Halle nicht bezwungen werden. Wir verloren mit 19:11.<\/span><\/p>\n<p><span style=\"font-family: Arial,sans-serif;\">Nun stand das Spiel gegen unseren Lieblingsgegner, dem TS Herzogenaurach, auf dem Plan. Da einige Spielerinnen verletzungsbedingt fehlten, konnten wir nur mit sehr dezimiertem Mannschaftskader antreten. Es folgte eine nicht zu verhindernde 42:8 \u2013 Klatsche! Sprachlosigkeit!<\/span><\/p>\n<p><span style=\"font-family: Arial,sans-serif;\">Frei nach dem Motto \u201eHinten kackt die Ente\u201c, starteten wir mit neuem Elan in die R\u00fcckrunde! Mit voll besetztem Mannschaftsbus ging es nach Winkelhaid. Alle waren sich dar\u00fcber bewusst, dass nur eine 100-prozentige Leistung aller zum Sieg f\u00fchren kann.<\/span><\/p>\n<p><span style=\"font-family: Arial,sans-serif;\">Nachdem das Aufw\u00e4rmen ruhig und konzentriert ablief, die Aufstellung besprochen und letzte Anweisungen gegeben wurden, begann der Kampf!<\/span><\/p>\n<p><span style=\"font-family: Arial,sans-serif;\">Nach ein paar Startschwierigkeiten erspielten sich unsere Damen einen Vorsprung von 4:10, den sie bis zur Halbzeitpause auf 7:14 ausweiten konnten. Mit Selbstvertrauen und Motivation ging es in die zweite Halbzeit, in der man sich bis zehn Minuten vor Schluss auf 15:20 absetzten konnte.<\/span><\/p>\n<p><span style=\"font-family: Arial,sans-serif;\">Doch pl\u00f6tzlich ver\u00e4nderten die Gegner ihre Abwehrstrategie, sodass wir gro\u00dfe Probleme hatten, unseren Vorsprung aufrechtzuerhalten. <\/span><\/p>\n<p><span style=\"font-family: Arial,sans-serif;\">In den letzten Minuten k\u00e4mpfte sich Winkelhaid auf einen Endstand von 19:20 heran! Das Spiel war gewonnen!<\/span><\/p>\n<p><span style=\"font-family: Arial,sans-serif;\">Nun hatten wir die M\u00f6glichkeit, uns mit einem Sieg \u00fcber Herzogenaurach auf einen der drei ersten Tabellenpl\u00e4tze zu positionieren.Folgende Ank\u00fcndigung aus Herzogenaurach verdeutlicht dies:<\/span><\/p>\n<h2><span style=\"font-family: Arial,sans-serif;\"><span style=\"font-size: x-small;\">Vorbericht \tzum Ausw\u00e4rtsspiel der Damen III gegen DJK Erlangen<\/span><\/span><\/h2>\n<p><strong><span style=\"font-family: Arial,sans-serif;\"><span style=\"font-size: x-small;\">Damen \tIII zu Gast bei der DJK Erlangen<\/span><\/span><\/strong><\/p>\n<p><span style=\"font-family: Arial,sans-serif;\"><span style=\"font-size: x-small;\">In \tihrem letzten Spiel treffen die Herzogenauracherinnen auf die DJK \tErlangen. Die DJK \u00fcberraschte zuletzt mit einem Erfolg gegen \tWinkelhaid und liegt aktuell nur einen Punkt hinter den \tSchuhst\u00e4dterinnen. Bei einem Erfolg best\u00fcnde f\u00fcr die \tErlangerinnen sogar noch die M\u00f6glichkeit auf den zweiten Platz \tvorzur\u00fccken. Dieser berechtigt zu Aufstiegsspielen. Man wird also \tauf einen hoch motivierten Gegner treffen. Anwurf ist Samstag um \t18.15Uhr in der Erlanger Eurohalle.<\/span><\/span><\/p>\n<p><span style=\"font-family: Arial,sans-serif;\"><span style=\"font-size: x-small;\">Verfasst \tvon S\u00f6ren am 17. M\u00e4rz 2011 &#8211; 15:20<\/span><\/span><\/p>\n<p><span style=\"font-family: Arial,sans-serif;\">Aufgrund eines guten Spielbeginns, konnten wir die erste Halbzeit mit 14:12 f\u00fcr uns entscheiden. In der zweiten Spielh\u00e4lfte fand Herzogenaurach immer besser ins Spiel und konnte den Druck kontinuierlich erh\u00f6hen. Diesem konnten wir letztendlich nicht mehr standhalten und verloren das Spiel mit 19:21. Damit  rutschten wir auf den vierten Tabellenplatz ab, mit dem wir auch die Saison beendeten!<\/span><\/p>\n<p><span style=\"font-family: Arial,sans-serif;\">Im R\u00fcckblick kann die Mannschaft  zufrieden sein! Auf jeden Fall konnte eine Leistungssteigerung zu letzter Saison erzielt werden. <\/span><\/p>\n<p><span style=\"font-family: Arial,sans-serif;\">Ein herzlicher Dank geht an unsere treuen Fans, die uns meistens lautstark unterst\u00fctzen. Ich hoffe, dass wir unseren Kader in der n\u00e4chsten Saison erweitern und somit einen guten Saisonstart hinlegen k\u00f6nnen!<\/span><\/p>\n<p><span style=\"font-family: Arial,sans-serif;\"><strong>Tabelle :<\/strong><br \/>\n<\/span><\/p>\n<table border=\"1\" cellspacing=\"0\" cellpadding=\"5\" width=\"490\" rules=\"NONE\">\n<col width=\"36\"><\/col>\n<col width=\"371\"><\/col>\n<col width=\"14\"><\/col>\n<col width=\"3\"><\/col>\n<col width=\"14\"><\/col>\n<tbody>\n<tr valign=\"BOTTOM\">\n<td width=\"36\" height=\"6\"><span style=\"font-family: Arial,sans-serif;\"><span style=\"font-size: x-small;\">Rang<\/span><\/span><\/td>\n<td width=\"371\"><span style=\"font-family: Arial,sans-serif;\"><span style=\"font-size: x-small;\">Mannschaft<\/span><\/span><\/td>\n<td width=\"14\"><\/td>\n<td width=\"3\"><\/td>\n<td width=\"14\"><\/td>\n<\/tr>\n<tr valign=\"BOTTOM\">\n<td width=\"36\" height=\"7\"><span style=\"font-family: Arial,sans-serif;\"><span style=\"font-size: x-small;\">1<\/span><\/span><\/td>\n<td width=\"371\"><span style=\"font-family: Arial,sans-serif;\"><span style=\"font-size: x-small;\">HC Erlangen II<\/span><\/span><\/td>\n<td width=\"14\"><span style=\"font-family: Arial,sans-serif;\"><span style=\"font-size: x-small;\">16<\/span><\/span><\/td>\n<td width=\"3\"><span style=\"font-family: Arial,sans-serif;\"><span style=\"font-size: x-small;\">:<\/span><\/span><\/td>\n<td width=\"14\"><span style=\"font-family: Arial,sans-serif;\"><span style=\"font-size: x-small;\">0<\/span><\/span><\/td>\n<\/tr>\n<tr valign=\"BOTTOM\">\n<td width=\"36\" height=\"7\"><span style=\"font-family: Arial,sans-serif;\"><span style=\"font-size: x-small;\">2<\/span><\/span><\/td>\n<td width=\"371\"><span style=\"font-family: Arial,sans-serif;\"><span style=\"font-size: x-small;\">TS Herzogenaurach \t\t\t\tIII<\/span><\/span><\/td>\n<td width=\"14\"><span style=\"font-family: Arial,sans-serif;\"><span style=\"font-size: x-small;\">9<\/span><\/span><\/td>\n<td width=\"3\"><span style=\"font-family: Arial,sans-serif;\"><span style=\"font-size: x-small;\">:<\/span><\/span><\/td>\n<td width=\"14\"><span style=\"font-family: Arial,sans-serif;\"><span style=\"font-size: x-small;\">7<\/span><\/span><\/td>\n<\/tr>\n<tr valign=\"BOTTOM\">\n<td width=\"36\" height=\"7\"><span style=\"font-family: Arial,sans-serif;\"><span style=\"font-size: x-small;\">3<\/span><\/span><\/td>\n<td width=\"371\"><span style=\"font-family: Arial,sans-serif;\"><span style=\"font-size: x-small;\">TSV Winkelhaid III<\/span><\/span><\/td>\n<td width=\"14\"><span style=\"font-family: Arial,sans-serif;\"><span style=\"font-size: x-small;\">9<\/span><\/span><\/td>\n<td width=\"3\"><span style=\"font-family: Arial,sans-serif;\"><span style=\"font-size: x-small;\">:<\/span><\/span><\/td>\n<td width=\"14\"><span style=\"font-family: Arial,sans-serif;\"><span style=\"font-size: x-small;\">7<\/span><\/span><\/td>\n<\/tr>\n<tr valign=\"BOTTOM\">\n<td width=\"36\" height=\"7\"><span style=\"font-family: Arial,sans-serif;\"><span style=\"font-size: x-small;\">4<\/span><\/span><\/td>\n<td width=\"371\"><span style=\"font-family: Arial,sans-serif;\"><span style=\"font-size: x-small;\">DJK Erlangen<\/span><\/span><\/td>\n<td width=\"14\"><span style=\"font-family: Arial,sans-serif;\"><span style=\"font-size: x-small;\">6<\/span><\/span><\/td>\n<td width=\"3\"><span style=\"font-family: Arial,sans-serif;\"><span style=\"font-size: x-small;\">:<\/span><\/span><\/td>\n<td width=\"14\"><span style=\"font-family: Arial,sans-serif;\"><span style=\"font-size: x-small;\">10<\/span><\/span><\/td>\n<\/tr>\n<tr valign=\"BOTTOM\">\n<td width=\"36\" height=\"7\"><span style=\"font-family: Arial,sans-serif;\"><span style=\"font-size: x-small;\">5<\/span><\/span><\/td>\n<td width=\"371\"><span style=\"font-family: Arial,sans-serif;\"><span style=\"font-size: x-small;\">Baiersdorfer SV<\/span><\/span><\/td>\n<td width=\"14\"><span style=\"font-family: Arial,sans-serif;\"><span style=\"font-size: x-small;\">0<\/span><\/span><\/td>\n<td width=\"3\"><span style=\"font-family: Arial,sans-serif;\"><span style=\"font-size: x-small;\">:<\/span><\/span><\/td>\n<td width=\"14\"><span style=\"font-family: Arial,sans-serif;\"><span style=\"font-size: x-small;\">16<\/span><\/span><\/td>\n<\/tr>\n<tr valign=\"BOTTOM\">\n<td width=\"36\" height=\"7\"><\/td>\n<td width=\"371\"><span style=\"font-family: Arial,sans-serif;\"><span style=\"font-size: x-small;\">HSG \t\t\t\tErlangen\/Niederlind II Mannschaft spielt au\u00dfer Konkurrenz<\/span><\/span><\/td>\n<td width=\"14\"><\/td>\n<td width=\"3\"><\/td>\n<td width=\"14\"><\/td>\n<\/tr>\n<tr valign=\"BOTTOM\">\n<td width=\"36\" height=\"6\"><\/td>\n<td width=\"371\"><span style=\"font-family: Arial,sans-serif;\"><span style=\"font-size: x-small;\">DJK Effeltrich \t\t\t\tR\u00fcckzug am 22.02.2011<\/span><\/span><\/td>\n<td width=\"14\"><\/td>\n<td width=\"3\"><\/td>\n<td width=\"14\">&nbsp;<\/p>\n<p>&nbsp;<\/td>\n<\/tr>\n<\/tbody>\n<\/table>\n<p>&nbsp;<\/p>\n<p><strong>Torsch\u00fctzen:<\/strong><\/p>\n<table border=\"1\" cellspacing=\"0\" cellpadding=\"5\" width=\"206\">\n<col width=\"114\"><\/col>\n<col width=\"70\"><\/col>\n<tbody>\n<tr valign=\"TOP\">\n<td width=\"114\" height=\"6\"><span style=\"font-family: Arial,sans-serif;\"><span style=\"font-size: x-small;\"><strong>Name<\/strong><\/span><\/span><\/td>\n<td width=\"70\"><span style=\"font-family: Arial,sans-serif;\"><span style=\"font-size: x-small;\"><strong>Tore<\/strong><\/span><\/span><\/td>\n<\/tr>\n<tr valign=\"BOTTOM\">\n<td width=\"114\" height=\"7\"><span style=\"font-family: Arial,sans-serif;\"><span style=\"font-size: x-small;\">Kerstin Schr\u00f6der<\/span><\/span><\/td>\n<td width=\"70\"><span style=\"font-family: Arial,sans-serif;\"><span style=\"font-size: x-small;\">46<\/span><\/span><\/td>\n<\/tr>\n<tr valign=\"BOTTOM\">\n<td width=\"114\" height=\"7\"><span style=\"font-family: Arial,sans-serif;\"><span style=\"font-size: x-small;\">Nicole Donhauser<\/span><\/span><\/td>\n<td width=\"70\"><span style=\"font-family: Arial,sans-serif;\"><span style=\"font-size: x-small;\">36<\/span><\/span><\/td>\n<\/tr>\n<tr valign=\"BOTTOM\">\n<td width=\"114\" height=\"7\"><span style=\"font-family: Arial,sans-serif;\"><span style=\"font-size: x-small;\">Sabine Schmidt<\/span><\/span><\/td>\n<td width=\"70\"><span style=\"font-family: Arial,sans-serif;\"><span style=\"font-size: x-small;\">21<\/span><\/span><\/td>\n<\/tr>\n<tr valign=\"BOTTOM\">\n<td width=\"114\" height=\"7\"><span style=\"font-family: Arial,sans-serif;\"><span style=\"font-size: x-small;\">Alexandra Wenzky<\/span><\/span><\/td>\n<td width=\"70\"><span style=\"font-family: Arial,sans-serif;\"><span style=\"font-size: x-small;\">19<\/span><\/span><\/td>\n<\/tr>\n<tr valign=\"BOTTOM\">\n<td width=\"114\" height=\"7\"><span style=\"font-family: Arial,sans-serif;\"><span style=\"font-size: x-small;\">Franziska Durham<\/span><\/span><\/td>\n<td width=\"70\"><span style=\"font-family: Arial,sans-serif;\"><span style=\"font-size: x-small;\">15<\/span><\/span><\/td>\n<\/tr>\n<tr valign=\"BOTTOM\">\n<td width=\"114\" height=\"7\"><span style=\"font-family: Arial,sans-serif;\"><span style=\"font-size: x-small;\">Melanie Bergmann<\/span><\/span><\/td>\n<td width=\"70\"><span style=\"font-family: Arial,sans-serif;\"><span style=\"font-size: x-small;\">15<\/span><\/span><\/td>\n<\/tr>\n<tr valign=\"BOTTOM\">\n<td width=\"114\" height=\"7\"><span style=\"font-family: Arial,sans-serif;\"><span style=\"font-size: x-small;\">Julia Hendel<\/span><\/span><\/td>\n<td width=\"70\"><span style=\"font-family: Arial,sans-serif;\"><span style=\"font-size: x-small;\">13<\/span><\/span><\/td>\n<\/tr>\n<tr valign=\"BOTTOM\">\n<td width=\"114\" height=\"7\"><span style=\"font-family: Arial,sans-serif;\"><span style=\"font-size: x-small;\">Tanja Gugel<\/span><\/span><\/td>\n<td width=\"70\"><span style=\"font-family: Arial,sans-serif;\"><span style=\"font-size: x-small;\">13<\/span><\/span><\/td>\n<\/tr>\n<tr valign=\"BOTTOM\">\n<td width=\"114\" height=\"7\"><span style=\"font-family: Arial,sans-serif;\"><span style=\"font-size: x-small;\">Kristin Zehnter<\/span><\/span><\/td>\n<td width=\"70\"><span style=\"font-family: Arial,sans-serif;\"><span style=\"font-size: x-small;\">4<\/span><\/span><\/td>\n<\/tr>\n<tr valign=\"BOTTOM\">\n<td width=\"114\" height=\"7\"><span style=\"font-family: Arial,sans-serif;\"><span style=\"font-size: x-small;\">Nicole P\u00f6ge<\/span><\/span><\/td>\n<td width=\"70\"><span style=\"font-family: Arial,sans-serif;\"><span style=\"font-size: x-small;\">2<\/span><\/span><\/td>\n<\/tr>\n<tr valign=\"BOTTOM\">\n<td width=\"114\" height=\"7\"><span style=\"font-family: Arial,sans-serif;\"><span style=\"font-size: x-small;\">Janina Sokoliuk<\/span><\/span><\/td>\n<td width=\"70\"><span style=\"font-family: Arial,sans-serif;\"><span style=\"font-size: x-small;\">1<\/span><\/span><\/td>\n<\/tr>\n<tr valign=\"BOTTOM\">\n<td width=\"114\" height=\"6\"><span style=\"font-family: Arial,sans-serif;\"><span style=\"font-size: x-small;\">Julia Hahm<\/span><\/span><\/td>\n<td width=\"70\"><span style=\"font-family: Arial,sans-serif;\"><span style=\"font-size: x-small;\">1<\/span><\/span><\/td>\n<\/tr>\n<\/tbody>\n<\/table>\n<p>&nbsp;<\/p>\n<p>&nbsp;<\/p>\n","protected":false},"excerpt":{"rendered":"<p>Frei nach der Devise \u201eSportlich Gas geben und Punkte abr\u00e4umen\u201c, startete die Mannschaft mit einem guten Spiel in die neue Saison! Der erste Sieg gegen die Newcomer aus Effeltrich (23:3) lie\u00df nicht lange auf sich warten. Leider mussten wir schon &hellip; <a href=\"https:\/\/www.djk-erlangen.de\/handball\/?p=300\">Weiterlesen <span class=\"meta-nav\">&rarr;<\/span><\/a><\/p>\n","protected":false},"author":4,"featured_media":0,"comment_status":"closed","ping_status":"closed","sticky":false,"template":"","format":"standard","meta":{"footnotes":""},"categories":[8],"tags":[],"class_list":["post-300","post","type-post","status-publish","format-standard","hentry","category-damen"],"_links":{"self":[{"href":"https:\/\/www.djk-erlangen.de\/handball\/index.php?rest_route=\/wp\/v2\/posts\/300","targetHints":{"allow":["GET"]}}],"collection":[{"href":"https:\/\/www.djk-erlangen.de\/handball\/index.php?rest_route=\/wp\/v2\/posts"}],"about":[{"href":"https:\/\/www.djk-erlangen.de\/handball\/index.php?rest_route=\/wp\/v2\/types\/post"}],"author":[{"embeddable":true,"href":"https:\/\/www.djk-erlangen.de\/handball\/index.php?rest_route=\/wp\/v2\/users\/4"}],"replies":[{"embeddable":true,"href":"https:\/\/www.djk-erlangen.de\/handball\/index.php?rest_route=%2Fwp%2Fv2%2Fcomments&post=300"}],"version-history":[{"count":5,"href":"https:\/\/www.djk-erlangen.de\/handball\/index.php?rest_route=\/wp\/v2\/posts\/300\/revisions"}],"predecessor-version":[{"id":317,"href":"https:\/\/www.djk-erlangen.de\/handball\/index.php?rest_route=\/wp\/v2\/posts\/300\/revisions\/317"}],"wp:attachment":[{"href":"https:\/\/www.djk-erlangen.de\/handball\/index.php?rest_route=%2Fwp%2Fv2%2Fmedia&parent=300"}],"wp:term":[{"taxonomy":"category","embeddable":true,"href":"https:\/\/www.djk-erlangen.de\/handball\/index.php?rest_route=%2Fwp%2Fv2%2Fcategories&post=300"},{"taxonomy":"post_tag","embeddable":true,"href":"https:\/\/www.djk-erlangen.de\/handball\/index.php?rest_route=%2Fwp%2Fv2%2Ftags&post=300"}],"curies":[{"name":"wp","href":"https:\/\/api.w.org\/{rel}","templated":true}]}}