{"id":240,"date":"2010-07-28T18:33:05","date_gmt":"2010-07-28T16:33:05","guid":{"rendered":"http:\/\/www.djk-erlangen.de\/handball\/?p=240"},"modified":"2014-05-12T19:29:25","modified_gmt":"2014-05-12T17:29:25","slug":"zeltlager-fur-minis-und-e-jugend-2010","status":"publish","type":"post","link":"https:\/\/www.djk-erlangen.de\/handball\/?p=240","title":{"rendered":"Zeltlager f\u00fcr Minis und E-Jugend 2010"},"content":{"rendered":"<p><span style=\"font-family: Arial,sans-serif;\">Schon als unsere jetzige M\u00e4nnermannschaft noch in den Kinderhandballschuhen steckte hatte das j\u00e4hrliche Zeltlager f\u00fcr den Nachwuchs Tradition. Und jetzt, wo wir wieder \u00fcber Jugendmannschaften verf\u00fcgen, gibt es f\u00fcr uns keinen Grund, diese Tradition wieder aufleben zu lassen.<\/span><\/p>\n<p><span style=\"font-family: Arial,sans-serif;\">Am 17. Juli war es wieder so weit. Nach l\u00e4ngerer Planung und Vorbereitung gab es f\u00fcr unseren neuen Nachwuchs das zweite Zeltlager, und obwohl das Wetter sich bem\u00fchte, diesen Tag zu verregnen, war es f\u00fcr alle wieder ein tolles Ereignis. <\/span><\/p>\n<p><span style=\"font-family: Arial,sans-serif;\">Und die Kondition unserer Jugend hat uns Trainer aufs neue \u00fcberrascht. Denn trotz Schnitzeljagd, Nachtwanderung, spielen, toben, grillen, Lagerfeuer, Feuerwerk, viel zu lautem Geschrei und viel zu wenig Schlaf waren unsere Kleinen am n\u00e4chsten Tag um einiges fitter als wir Erwachsenen.<\/span><\/p>\n<p><span style=\"font-family: Arial,sans-serif;\">Es war auch erstaunlich wie zielsicher sich eine Gruppe bei der Schnitzeljagd jedes mal f\u00fcr den Weg in die falsche Richtung entscheiden kann. Wenn man es nicht \u201eTraining\u201c nennt k\u00f6nnen sie also laufen und rennen so lange sie wollen. Gut zu wissen.<\/span><\/p>\n<p><span style=\"font-family: Arial,sans-serif;\">Noch mal einen herzlichen Dank an alle Helfer. Ohne euch w\u00e4ren wir Trainer am n\u00e4chsten Morgen wohl nervliche Wracks gewesen. <\/span><\/p>\n<p><span style=\"font-family: Arial,sans-serif;\">Bleibt uns nur zu hoffen das die Kleinen den Saisonabschluss genossen haben und wir sie nach den Ferien wieder bei uns im Training und n\u00e4chstes Jahr wieder zum Zelten begr\u00fc\u00dfen d\u00fcrfen.<\/span><\/p>\n<p><span style=\"font-family: Arial,sans-serif;\">Die Betreuer.<\/span><\/p>\n","protected":false},"excerpt":{"rendered":"<p>Schon als unsere jetzige M\u00e4nnermannschaft noch in den Kinderhandballschuhen steckte hatte das j\u00e4hrliche Zeltlager f\u00fcr den Nachwuchs Tradition. Und jetzt, wo wir wieder \u00fcber Jugendmannschaften verf\u00fcgen, gibt es f\u00fcr uns keinen Grund, diese Tradition wieder aufleben zu lassen. Am 17. &hellip; <a href=\"https:\/\/www.djk-erlangen.de\/handball\/?p=240\">Weiterlesen <span class=\"meta-nav\">&rarr;<\/span><\/a><\/p>\n","protected":false},"author":4,"featured_media":0,"comment_status":"closed","ping_status":"closed","sticky":false,"template":"","format":"standard","meta":{"footnotes":""},"categories":[11,9],"tags":[],"class_list":["post-240","post","type-post","status-publish","format-standard","hentry","category-e-jugend","category-minis"],"_links":{"self":[{"href":"https:\/\/www.djk-erlangen.de\/handball\/index.php?rest_route=\/wp\/v2\/posts\/240","targetHints":{"allow":["GET"]}}],"collection":[{"href":"https:\/\/www.djk-erlangen.de\/handball\/index.php?rest_route=\/wp\/v2\/posts"}],"about":[{"href":"https:\/\/www.djk-erlangen.de\/handball\/index.php?rest_route=\/wp\/v2\/types\/post"}],"author":[{"embeddable":true,"href":"https:\/\/www.djk-erlangen.de\/handball\/index.php?rest_route=\/wp\/v2\/users\/4"}],"replies":[{"embeddable":true,"href":"https:\/\/www.djk-erlangen.de\/handball\/index.php?rest_route=%2Fwp%2Fv2%2Fcomments&post=240"}],"version-history":[{"count":5,"href":"https:\/\/www.djk-erlangen.de\/handball\/index.php?rest_route=\/wp\/v2\/posts\/240\/revisions"}],"predecessor-version":[{"id":1059,"href":"https:\/\/www.djk-erlangen.de\/handball\/index.php?rest_route=\/wp\/v2\/posts\/240\/revisions\/1059"}],"wp:attachment":[{"href":"https:\/\/www.djk-erlangen.de\/handball\/index.php?rest_route=%2Fwp%2Fv2%2Fmedia&parent=240"}],"wp:term":[{"taxonomy":"category","embeddable":true,"href":"https:\/\/www.djk-erlangen.de\/handball\/index.php?rest_route=%2Fwp%2Fv2%2Fcategories&post=240"},{"taxonomy":"post_tag","embeddable":true,"href":"https:\/\/www.djk-erlangen.de\/handball\/index.php?rest_route=%2Fwp%2Fv2%2Ftags&post=240"}],"curies":[{"name":"wp","href":"https:\/\/api.w.org\/{rel}","templated":true}]}}