{"id":229,"date":"2010-08-03T19:21:01","date_gmt":"2010-08-03T17:21:01","guid":{"rendered":"http:\/\/www.djk-erlangen.de\/handball\/?p=229"},"modified":"2010-08-16T13:27:40","modified_gmt":"2010-08-16T11:27:40","slug":"abteilungsbericht-25-07-2010","status":"publish","type":"post","link":"https:\/\/www.djk-erlangen.de\/handball\/?p=229","title":{"rendered":"Abteilungsbericht 25.07.2010"},"content":{"rendered":"<p><!-- \t\t@page { margin: 2cm } \t\tP { margin-bottom: 0.21cm } -->Sommer! Endlich ist es wieder Sommer!<\/p>\n<p>F\u00fcr uns Hallensportler ist jetzt keine Saison, das bedeutet aber nicht, dass wir \u00fcber keine sportlichen Aktivit\u00e4ten berichten k\u00f6nnten. Wie schon in den letzten Jahren wurde unsere M\u00e4nnermannschaft auch diesmal wieder zum internen Turnier der Fu\u00dfball-Abteilung eingeladen, dass direkt vor der DJK-Kerwa stattfand \u2026 beides gelungene Veranstaltungen. Und sowohl die Damen- als auch die M\u00e4nnermannschaft haben bei Rasenturnieren ihre spielerischen Qualit\u00e4ten unter Beweis gestellt.<\/p>\n<p>Den Abschluss der Saisonpause wird mal wieder unser Vorbereitungsturnier bilden, das am 18. und 19. September in der Emmy-Noether-Halle ausgetragen wird. Wir w\u00fcrden uns sehr freuen, den einen oder anderen Zuschauer begr\u00fc\u00dfen zu k\u00f6nnen.<\/p>\n<p>Es fanden aber auch \u201eEvents\u201c statt, die nicht direkt dem Sport sondern der allgemeinen Erheiterung dienten. Besonders erw\u00e4hnen m\u00f6chte ich das Zeltlager unseres Handball-Nachwuchses. Viele freiwillige Helfer und nat\u00fcrlich die Jugendspieler trugen zum Erfolg bei und wir alle hoffen, dass der Zusammenhalt untereinander und die Bindung zum Verein f\u00fcr unsere Kleinen verfestigt wurden.<\/p>\n<p>Und es gibt noch eine andere Bindung, die in den letzten Tagen verfestigt wurde. Einer unserer Ehemaligen hat geheiratet. Und da er auch mal mit der Abteilungsleitung betraut war, ist es wohl angemessen, an dieser Stelle nochmal zu gratulieren: Herzlichen Gl\u00fcckwunsch, Robin. Alles Gute auf eurem gemeinsamen Weg. Und denkt dran, eure Kinder sp\u00e4ter dem Handball nicht vorzuenthalten.<\/p>\n<p>Wir w\u00fcnschen allen noch einen sch\u00f6nen Sommer und melden uns das n\u00e4chste Mal \u201elive\u201c aus der Saison und dem Spielbetrieb.<\/p>\n<p>Die Abteilungsleitung<\/p>\n","protected":false},"excerpt":{"rendered":"<p>Sommer! Endlich ist es wieder Sommer! F\u00fcr uns Hallensportler ist jetzt keine Saison, das bedeutet aber nicht, dass wir \u00fcber keine sportlichen Aktivit\u00e4ten berichten k\u00f6nnten. Wie schon in den letzten Jahren wurde unsere M\u00e4nnermannschaft auch diesmal wieder zum internen Turnier &hellip; <a href=\"https:\/\/www.djk-erlangen.de\/handball\/?p=229\">Weiterlesen <span class=\"meta-nav\">&rarr;<\/span><\/a><\/p>\n","protected":false},"author":4,"featured_media":0,"comment_status":"closed","ping_status":"closed","sticky":false,"template":"","format":"standard","meta":{"footnotes":""},"categories":[1],"tags":[],"class_list":["post-229","post","type-post","status-publish","format-standard","hentry","category-allgemein"],"_links":{"self":[{"href":"https:\/\/www.djk-erlangen.de\/handball\/index.php?rest_route=\/wp\/v2\/posts\/229","targetHints":{"allow":["GET"]}}],"collection":[{"href":"https:\/\/www.djk-erlangen.de\/handball\/index.php?rest_route=\/wp\/v2\/posts"}],"about":[{"href":"https:\/\/www.djk-erlangen.de\/handball\/index.php?rest_route=\/wp\/v2\/types\/post"}],"author":[{"embeddable":true,"href":"https:\/\/www.djk-erlangen.de\/handball\/index.php?rest_route=\/wp\/v2\/users\/4"}],"replies":[{"embeddable":true,"href":"https:\/\/www.djk-erlangen.de\/handball\/index.php?rest_route=%2Fwp%2Fv2%2Fcomments&post=229"}],"version-history":[{"count":4,"href":"https:\/\/www.djk-erlangen.de\/handball\/index.php?rest_route=\/wp\/v2\/posts\/229\/revisions"}],"predecessor-version":[{"id":236,"href":"https:\/\/www.djk-erlangen.de\/handball\/index.php?rest_route=\/wp\/v2\/posts\/229\/revisions\/236"}],"wp:attachment":[{"href":"https:\/\/www.djk-erlangen.de\/handball\/index.php?rest_route=%2Fwp%2Fv2%2Fmedia&parent=229"}],"wp:term":[{"taxonomy":"category","embeddable":true,"href":"https:\/\/www.djk-erlangen.de\/handball\/index.php?rest_route=%2Fwp%2Fv2%2Fcategories&post=229"},{"taxonomy":"post_tag","embeddable":true,"href":"https:\/\/www.djk-erlangen.de\/handball\/index.php?rest_route=%2Fwp%2Fv2%2Ftags&post=229"}],"curies":[{"name":"wp","href":"https:\/\/api.w.org\/{rel}","templated":true}]}}