{"id":2017,"date":"2020-06-25T19:41:43","date_gmt":"2020-06-25T17:41:43","guid":{"rendered":"http:\/\/www.djk-erlangen.de\/handball\/?p=2017"},"modified":"2020-06-25T19:41:43","modified_gmt":"2020-06-25T17:41:43","slug":"neue-einladung-jahreshauptversammlung-handball-2020","status":"publish","type":"post","link":"https:\/\/www.djk-erlangen.de\/handball\/?p=2017","title":{"rendered":"Neue Einladung Jahreshauptversammlung Handball 2020"},"content":{"rendered":"\n<h2 class=\"wp-block-heading\"><\/h2>\n\n\n\n<p>Nachdem die Covid 19 Pandemie nun am abebben ist wollen und d\u00fcrfen wir endlich unsere diesj\u00e4hrige Jahreshauptversammlung der DJK Handballabteilung halten. <br>             <\/p>\n\n\n\n<p>Daher freue ich mich Euch alle zur<strong> Jahreshauptversammlung Handball DJK Erlangen<\/strong> am <strong>Freitag den 24. Juli 2020 um 19:30 Uhr<\/strong> im Jugendraum der DJK Erlangen,<br>Wiesenweg 2 in 91056 Erlangen einzuladen.<\/p>\n\n\n\n<p>Wir werden uns um die M\u00f6glichkeit, Abstand zu halten, und um die Bereitstellung von Desinfektionsmitteln k\u00fcmmern. Bitte beachtet zur Sitzung die dann aktuellen Masken- und Hygieneregeln.<br>             <\/p>\n\n\n\n<p>Die Programmpunkte f\u00fcr die Versammlung sind:<br>             1. Begr\u00fc\u00dfung<br>             2. Abteilungsbericht<br>             3. Kassenbericht<br>             4. Bericht der Kassenpr\u00fcfer<br>             5. Bericht der Mannschaften<br>             6. Entlastung der Vorstandschaft<br>             <strong>7. Au\u00dferordentliche Neuwahlen<\/strong><br>             8. Aussprache zu den Berichten<br>             9. Sonstiges<br><\/p>\n\n\n\n<p>Antr\u00e4ge auf \u00c4nderungen oder Erg\u00e4nzungen der Tagesordnung sind bitte bis sp\u00e4testens 10.07.2020 bei der Abteilungsleitung einzureichen.                      <\/p>\n\n\n\n<p>Zu TOP 7: Leider muss ich bekannt geben das ich mit dieser Sitzung offiziell als Abteilungsleiter der Handballer zur\u00fcck trete. Die Arbeit der Abteilung wurde zum gro\u00dfen Teil schon seit geraumer Zeit vor allem von Claudia             Hainzl getragen, und ich bin Ihr pers\u00f6nlich sehr Dankbar, dass sie sich bereit erkl\u00e4rt hat nun auch die Leitung offiziell zu \u00fcbernehmen.<br><\/p>\n\n\n\n<p>Im Namen der Handballabteilung freue ich mich auf zahlreiches Erscheinen,<\/p>\n\n\n\n<p>Christian Wei\u00df<br>DJK Erlangen Handball<br>Abteilungsleitung<\/p>\n","protected":false},"excerpt":{"rendered":"<p>Nachdem die Covid 19 Pandemie nun am abebben ist wollen und d\u00fcrfen wir endlich unsere diesj\u00e4hrige Jahreshauptversammlung der DJK Handballabteilung halten. Daher freue ich mich Euch alle zur Jahreshauptversammlung Handball DJK Erlangen am Freitag den 24. Juli 2020 um 19:30 &hellip; <a href=\"https:\/\/www.djk-erlangen.de\/handball\/?p=2017\">Weiterlesen <span class=\"meta-nav\">&rarr;<\/span><\/a><\/p>\n","protected":false},"author":4,"featured_media":0,"comment_status":"closed","ping_status":"closed","sticky":false,"template":"","format":"standard","meta":{"footnotes":""},"categories":[1],"tags":[],"class_list":["post-2017","post","type-post","status-publish","format-standard","hentry","category-allgemein"],"_links":{"self":[{"href":"https:\/\/www.djk-erlangen.de\/handball\/index.php?rest_route=\/wp\/v2\/posts\/2017","targetHints":{"allow":["GET"]}}],"collection":[{"href":"https:\/\/www.djk-erlangen.de\/handball\/index.php?rest_route=\/wp\/v2\/posts"}],"about":[{"href":"https:\/\/www.djk-erlangen.de\/handball\/index.php?rest_route=\/wp\/v2\/types\/post"}],"author":[{"embeddable":true,"href":"https:\/\/www.djk-erlangen.de\/handball\/index.php?rest_route=\/wp\/v2\/users\/4"}],"replies":[{"embeddable":true,"href":"https:\/\/www.djk-erlangen.de\/handball\/index.php?rest_route=%2Fwp%2Fv2%2Fcomments&post=2017"}],"version-history":[{"count":1,"href":"https:\/\/www.djk-erlangen.de\/handball\/index.php?rest_route=\/wp\/v2\/posts\/2017\/revisions"}],"predecessor-version":[{"id":2018,"href":"https:\/\/www.djk-erlangen.de\/handball\/index.php?rest_route=\/wp\/v2\/posts\/2017\/revisions\/2018"}],"wp:attachment":[{"href":"https:\/\/www.djk-erlangen.de\/handball\/index.php?rest_route=%2Fwp%2Fv2%2Fmedia&parent=2017"}],"wp:term":[{"taxonomy":"category","embeddable":true,"href":"https:\/\/www.djk-erlangen.de\/handball\/index.php?rest_route=%2Fwp%2Fv2%2Fcategories&post=2017"},{"taxonomy":"post_tag","embeddable":true,"href":"https:\/\/www.djk-erlangen.de\/handball\/index.php?rest_route=%2Fwp%2Fv2%2Ftags&post=2017"}],"curies":[{"name":"wp","href":"https:\/\/api.w.org\/{rel}","templated":true}]}}