{"id":2006,"date":"2020-03-15T14:10:20","date_gmt":"2020-03-15T13:10:20","guid":{"rendered":"http:\/\/www.djk-erlangen.de\/handball\/?p=2006"},"modified":"2020-03-15T14:10:57","modified_gmt":"2020-03-15T13:10:57","slug":"verschiebung-der-jahreshauptversammlung-handball-2020","status":"publish","type":"post","link":"https:\/\/www.djk-erlangen.de\/handball\/?p=2006","title":{"rendered":"Verschiebung der Jahreshauptversammlung Handball 2020"},"content":{"rendered":"\n<h2 class=\"wp-block-heading\"><\/h2>\n\n\n\n<p>Wegen der aktuellen Corona-Krise wurden verst\u00e4ndlicherweise \nvom BHV und vom BLSV die Empfehlungen abgegeben, Vereinsveranstaltungen \naus zu setzten oder zu verschieben.<br>\n<\/p>\n\n\n\n<p>Dem wollen wir auch Folge leisten und sehen uns daher verpflichtet <strong>die Jahreshauptversammlung Handball<\/strong>, die \u00fcrspr\u00fcnglich am 20.M\u00e4rz stattfinden sollte, <strong>zu verschieben<\/strong>.<br>Der <strong>neue Termin<\/strong> ist am <strong>Freitag den 15. Mai 2020 um 19:30 Uhr<\/strong> im Gro\u00dfen Saal der <\/p>\n\n\n\n<p>           DJK Erlangen,<br>           Wiesenweg 2<br>           in 91056 Erlangen statt.<\/p>\n\n\n\n<p> Die Programmpunkte f\u00fcr die Versammlung bleiben folgende:<\/p>\n\n\n\n<p>           Begr\u00fc\u00dfung<br>           Abteilungsbericht<br>           Kassenbericht<br>           Bericht der Kassenpr\u00fcfer<br>           Bericht der Mannschaften<br>           Aussprache zu den Berichten<br>           Sonstiges<\/p>\n\n\n\n<p>Antr\u00e4ge auf \u00c4nderungen oder Erg\u00e4nzungen der Tagesordnung sind\n          bitte bis sp\u00e4testens 01.05.2020 bei der Abteilungsleitung\n          einzureichen.<\/p>\n\n\n\n<p><\/p>\n\n\n\n<p>Im Namen der Handballabteilung freue ich mich auf zahlreiches\n          Erscheinen,<\/p>\n\n\n\n<p>Christian Wei\u00df<br>DJK Erlangen Handball<br>Abteilungsleitung<\/p>\n","protected":false},"excerpt":{"rendered":"<p>Wegen der aktuellen Corona-Krise wurden verst\u00e4ndlicherweise vom BHV und vom BLSV die Empfehlungen abgegeben, Vereinsveranstaltungen aus zu setzten oder zu verschieben. Dem wollen wir auch Folge leisten und sehen uns daher verpflichtet die Jahreshauptversammlung Handball, die \u00fcrspr\u00fcnglich am 20.M\u00e4rz stattfinden &hellip; <a href=\"https:\/\/www.djk-erlangen.de\/handball\/?p=2006\">Weiterlesen <span class=\"meta-nav\">&rarr;<\/span><\/a><\/p>\n","protected":false},"author":4,"featured_media":0,"comment_status":"closed","ping_status":"closed","sticky":false,"template":"","format":"standard","meta":{"footnotes":""},"categories":[1],"tags":[],"class_list":["post-2006","post","type-post","status-publish","format-standard","hentry","category-allgemein"],"_links":{"self":[{"href":"https:\/\/www.djk-erlangen.de\/handball\/index.php?rest_route=\/wp\/v2\/posts\/2006","targetHints":{"allow":["GET"]}}],"collection":[{"href":"https:\/\/www.djk-erlangen.de\/handball\/index.php?rest_route=\/wp\/v2\/posts"}],"about":[{"href":"https:\/\/www.djk-erlangen.de\/handball\/index.php?rest_route=\/wp\/v2\/types\/post"}],"author":[{"embeddable":true,"href":"https:\/\/www.djk-erlangen.de\/handball\/index.php?rest_route=\/wp\/v2\/users\/4"}],"replies":[{"embeddable":true,"href":"https:\/\/www.djk-erlangen.de\/handball\/index.php?rest_route=%2Fwp%2Fv2%2Fcomments&post=2006"}],"version-history":[{"count":1,"href":"https:\/\/www.djk-erlangen.de\/handball\/index.php?rest_route=\/wp\/v2\/posts\/2006\/revisions"}],"predecessor-version":[{"id":2007,"href":"https:\/\/www.djk-erlangen.de\/handball\/index.php?rest_route=\/wp\/v2\/posts\/2006\/revisions\/2007"}],"wp:attachment":[{"href":"https:\/\/www.djk-erlangen.de\/handball\/index.php?rest_route=%2Fwp%2Fv2%2Fmedia&parent=2006"}],"wp:term":[{"taxonomy":"category","embeddable":true,"href":"https:\/\/www.djk-erlangen.de\/handball\/index.php?rest_route=%2Fwp%2Fv2%2Fcategories&post=2006"},{"taxonomy":"post_tag","embeddable":true,"href":"https:\/\/www.djk-erlangen.de\/handball\/index.php?rest_route=%2Fwp%2Fv2%2Ftags&post=2006"}],"curies":[{"name":"wp","href":"https:\/\/api.w.org\/{rel}","templated":true}]}}