{"id":1727,"date":"2016-11-24T09:23:47","date_gmt":"2016-11-24T08:23:47","guid":{"rendered":"http:\/\/www.djk-erlangen.de\/handball\/?p=1727"},"modified":"2016-11-27T20:25:21","modified_gmt":"2016-11-27T19:25:21","slug":"vorbericht-herren-sg-ii-hc-sulzbach-rosenberg-iii","status":"publish","type":"post","link":"https:\/\/www.djk-erlangen.de\/handball\/?p=1727","title":{"rendered":"Vorbericht Herren SG II &#8211; HC Sulzbach-Rosenberg III"},"content":{"rendered":"<p>Spitzenspielzeit in der Bezirksklasse Mitte.<\/p>\n<p>Am kommenden Samstag um 20.00 Uhr spielen unsere Jungs gegen die dritte Mannschaft aus Sulzbach.<br \/>\nTabellenf\u00fchrer gegen Tabellenzweiten. Die beiden ungeschlagenen Teams gegeneinander, und nat\u00fcrlich wollen unsere Jungs ihre wei\u00dfe Weste behalten und als Herbstmeister in die Winterpause gehen.<\/p>\n<p>Wir werden das Spiel mit h\u00f6chster Konzentration angehen und alles f\u00fcr unser Saisonziel geben.<br \/>\nNat\u00fcrlich hoffen wir auf eure Unterst\u00fctzung und freuen uns auf jeden einzelnen Zuschauer und Supporter.<\/p>\n","protected":false},"excerpt":{"rendered":"<p>Spitzenspielzeit in der Bezirksklasse Mitte. Am kommenden Samstag um 20.00 Uhr spielen unsere Jungs gegen die dritte Mannschaft aus Sulzbach. Tabellenf\u00fchrer gegen Tabellenzweiten. Die beiden ungeschlagenen Teams gegeneinander, und nat\u00fcrlich wollen unsere Jungs ihre wei\u00dfe Weste behalten und als Herbstmeister &hellip; <a href=\"https:\/\/www.djk-erlangen.de\/handball\/?p=1727\">Weiterlesen <span class=\"meta-nav\">&rarr;<\/span><\/a><\/p>\n","protected":false},"author":4,"featured_media":0,"comment_status":"closed","ping_status":"closed","sticky":false,"template":"","format":"standard","meta":{"footnotes":""},"categories":[4],"tags":[],"class_list":["post-1727","post","type-post","status-publish","format-standard","hentry","category-herren"],"_links":{"self":[{"href":"https:\/\/www.djk-erlangen.de\/handball\/index.php?rest_route=\/wp\/v2\/posts\/1727","targetHints":{"allow":["GET"]}}],"collection":[{"href":"https:\/\/www.djk-erlangen.de\/handball\/index.php?rest_route=\/wp\/v2\/posts"}],"about":[{"href":"https:\/\/www.djk-erlangen.de\/handball\/index.php?rest_route=\/wp\/v2\/types\/post"}],"author":[{"embeddable":true,"href":"https:\/\/www.djk-erlangen.de\/handball\/index.php?rest_route=\/wp\/v2\/users\/4"}],"replies":[{"embeddable":true,"href":"https:\/\/www.djk-erlangen.de\/handball\/index.php?rest_route=%2Fwp%2Fv2%2Fcomments&post=1727"}],"version-history":[{"count":1,"href":"https:\/\/www.djk-erlangen.de\/handball\/index.php?rest_route=\/wp\/v2\/posts\/1727\/revisions"}],"predecessor-version":[{"id":1728,"href":"https:\/\/www.djk-erlangen.de\/handball\/index.php?rest_route=\/wp\/v2\/posts\/1727\/revisions\/1728"}],"wp:attachment":[{"href":"https:\/\/www.djk-erlangen.de\/handball\/index.php?rest_route=%2Fwp%2Fv2%2Fmedia&parent=1727"}],"wp:term":[{"taxonomy":"category","embeddable":true,"href":"https:\/\/www.djk-erlangen.de\/handball\/index.php?rest_route=%2Fwp%2Fv2%2Fcategories&post=1727"},{"taxonomy":"post_tag","embeddable":true,"href":"https:\/\/www.djk-erlangen.de\/handball\/index.php?rest_route=%2Fwp%2Fv2%2Ftags&post=1727"}],"curies":[{"name":"wp","href":"https:\/\/api.w.org\/{rel}","templated":true}]}}