{"id":1663,"date":"2016-09-18T18:47:30","date_gmt":"2016-09-18T16:47:30","guid":{"rendered":"http:\/\/www.djk-erlangen.de\/handball\/?p=1663"},"modified":"2016-10-04T15:07:07","modified_gmt":"2016-10-04T13:07:07","slug":"mannschaftsbericht-herren-i-september-2016","status":"publish","type":"post","link":"https:\/\/www.djk-erlangen.de\/handball\/?p=1663","title":{"rendered":"Mannschaftsbericht Herren I September 2016"},"content":{"rendered":"<p lang=\"de-DE\"><span style=\"font-family: Arial,sans-serif;\"><span style=\"font-size: small;\"><u><b>Auf in ein neues Jahr !!!!!!!!!<\/b><\/u><\/span><\/span><\/p>\n<p lang=\"de-DE\"><span style=\"font-family: Arial,sans-serif;\"><span style=\"font-size: small;\">Nach einer aufregenden und interessanten ersten Saison als SG, die mit vielen H\u00f6hen und Tiefen am Ende recht positiv gestaltet wurde, starten wir nun in ein hoffentlich nicht weniger aufregendes zweites Jahr.<\/span><\/span><\/p>\n<p lang=\"de-DE\"><span style=\"font-family: Arial,sans-serif;\"><span style=\"font-size: small;\">Erstmal ein kurzer R\u00fcckblick auf die Saison 15\/16.<\/span><\/span><\/p>\n<p lang=\"de-DE\"><span style=\"font-family: Arial,sans-serif;\"><span style=\"font-size: small;\">Aller Widrigkeiten zum Trotz, und obwohl die Mannschaft komplett neu zusammengew\u00fcrfelt war, haben wir bis kurz vor Saisonende mit um den Aufstieg in die Bezirksliga gek\u00e4mpft. Das war bedeutend mehr als uns viele zugetraut haben. <\/span><\/span><\/p>\n<p lang=\"de-DE\"><span style=\"font-family: Arial,sans-serif;\"><span style=\"font-size: small;\">F\u00fcr die neue Saison haben wir uns aber sehr viel vorgenommen. Die Truppe bleibt gr\u00f6\u00dftenteils zusammen und wird von Training zu Training immer eingespielter. Leider m\u00fcssen wir 2 \u201ezeitlich begrenzte Abg\u00e4nge\u201c verkraften die uns sehr fehlen werden. Nirnai (Amerika) und Gack (Frankreich) werden uns f\u00fcr die komplette Vorrunde nicht zur Verf\u00fcgung stehen, doch ihre Ersatzleute werden die gro\u00dfe L\u00fccke mit Sicherheit ausf\u00fcllen k\u00f6nnen.<\/span><\/span><\/p>\n<p><span style=\"font-family: Arial,sans-serif;\"><span style=\"font-size: small;\"><span lang=\"de-DE\">Als Hilfe im Trainerstab konnten wir unseren J\u00fcrgen gewinnen, der als Co unseren Coach Markus so gut er kann unterst\u00fctzen wird. <\/span><\/span><\/span><span style=\"font-family: Arial,sans-serif;\"><span style=\"font-size: small;\"><span lang=\"de-DE\"><b>DANKE J\u00fcrgen !!!!!<\/b><\/span><\/span><\/span><\/p>\n<p lang=\"de-DE\"><span style=\"font-family: Arial,sans-serif;\"><span style=\"font-size: small;\">Abschlie\u00dfend bleibt noch zu sagen, dass wir uns auf die neue Saison freuen und wir alles daf\u00fcr geben werden sie noch erfolgreicher zu bestreiten als die Vorsaison. <\/span><\/span><\/p>\n<p lang=\"de-DE\"><span style=\"font-family: Arial,sans-serif;\"><span style=\"font-size: small;\">Die Mannschaft sagt Danke :<\/span><\/span><\/p>\n<p lang=\"de-DE\"><span style=\"font-family: Arial,sans-serif;\"><span style=\"font-size: small;\">Diddi \u2013 Jens \u2013 Nobbi \u2013 Michi \u2013 Nils \u2013 Nirnai \u2013 Benni \u2013 Jan \u2013 Flo \u2013 Basti \u2013 Pascal \u2013 Gack \u2013 Tobi \u2013 Maddin \u2013 Marco \u2013 Alex \u2013 J\u00fcrgen \u2013 Kr\u00f6ner \u2013 Markus.<\/span><\/span><\/p>\n<p lang=\"de-DE\"><span style=\"font-family: Arial,sans-serif;\"><span style=\"font-size: small;\">Unser Dank gilt unseren Sponsoren, Weller und J.B.O, f\u00fcr die super Trikots\u00e4tze, unseren Fans die uns immer zahlreich unterst\u00fctzt haben, und allen anderen die uns durch die erste SG Saison begleitet haben.<\/span><\/span><\/p>\n","protected":false},"excerpt":{"rendered":"<p>Auf in ein neues Jahr !!!!!!!!! Nach einer aufregenden und interessanten ersten Saison als SG, die mit vielen H\u00f6hen und Tiefen am Ende recht positiv gestaltet wurde, starten wir nun in ein hoffentlich nicht weniger aufregendes zweites Jahr. Erstmal ein &hellip; <a href=\"https:\/\/www.djk-erlangen.de\/handball\/?p=1663\">Weiterlesen <span class=\"meta-nav\">&rarr;<\/span><\/a><\/p>\n","protected":false},"author":4,"featured_media":0,"comment_status":"closed","ping_status":"closed","sticky":false,"template":"","format":"standard","meta":{"footnotes":""},"categories":[4],"tags":[],"class_list":["post-1663","post","type-post","status-publish","format-standard","hentry","category-herren"],"_links":{"self":[{"href":"https:\/\/www.djk-erlangen.de\/handball\/index.php?rest_route=\/wp\/v2\/posts\/1663","targetHints":{"allow":["GET"]}}],"collection":[{"href":"https:\/\/www.djk-erlangen.de\/handball\/index.php?rest_route=\/wp\/v2\/posts"}],"about":[{"href":"https:\/\/www.djk-erlangen.de\/handball\/index.php?rest_route=\/wp\/v2\/types\/post"}],"author":[{"embeddable":true,"href":"https:\/\/www.djk-erlangen.de\/handball\/index.php?rest_route=\/wp\/v2\/users\/4"}],"replies":[{"embeddable":true,"href":"https:\/\/www.djk-erlangen.de\/handball\/index.php?rest_route=%2Fwp%2Fv2%2Fcomments&post=1663"}],"version-history":[{"count":1,"href":"https:\/\/www.djk-erlangen.de\/handball\/index.php?rest_route=\/wp\/v2\/posts\/1663\/revisions"}],"predecessor-version":[{"id":1667,"href":"https:\/\/www.djk-erlangen.de\/handball\/index.php?rest_route=\/wp\/v2\/posts\/1663\/revisions\/1667"}],"wp:attachment":[{"href":"https:\/\/www.djk-erlangen.de\/handball\/index.php?rest_route=%2Fwp%2Fv2%2Fmedia&parent=1663"}],"wp:term":[{"taxonomy":"category","embeddable":true,"href":"https:\/\/www.djk-erlangen.de\/handball\/index.php?rest_route=%2Fwp%2Fv2%2Fcategories&post=1663"},{"taxonomy":"post_tag","embeddable":true,"href":"https:\/\/www.djk-erlangen.de\/handball\/index.php?rest_route=%2Fwp%2Fv2%2Ftags&post=1663"}],"curies":[{"name":"wp","href":"https:\/\/api.w.org\/{rel}","templated":true}]}}