{"id":1662,"date":"2016-09-18T19:04:07","date_gmt":"2016-09-18T17:04:07","guid":{"rendered":"http:\/\/www.djk-erlangen.de\/handball\/?p=1662"},"modified":"2016-10-04T15:07:12","modified_gmt":"2016-10-04T13:07:12","slug":"mannschaftsbericht-herren-ii-september-2016","status":"publish","type":"post","link":"https:\/\/www.djk-erlangen.de\/handball\/?p=1662","title":{"rendered":"Mannschaftsbericht Herren II September 2016"},"content":{"rendered":"<p><span style=\"font-family: Arial,sans-serif;\"><span style=\"font-size: small;\">Es ist immer eine ehrenvolle Aufgabe, einen Bericht \u00fcber &#8222;die Mannschaft&#8220; zu schreiben.<\/span><\/span><\/p>\n<p><span style=\"font-family: Arial,sans-serif;\"><span style=\"font-size: small;\">Nat\u00fcrlich m\u00fcssen hier und jetzt m\u00f6gliche Missverst\u00e4ndnisse sofort ausger\u00e4umt werden: Das ist kein Bericht \u00fcber irgend eine Fu\u00dfball-Nationalmannschaft von wann-und-wo-auch-immer. Es geht hier um die einzige &#8222;die Mannschaft&#8220; &#8211; obwohl wir ja fr\u00fcher unter dem Bergriff &#8222;der Haufen&#8220; gef\u00fchrt wurden und gef\u00fcrchtet waren.<\/span><\/span><\/p>\n<p><span style=\"font-family: Arial,sans-serif;\"><span style=\"font-size: small;\">Das galt nur f\u00fcr die DJK-Anteile der SG. Nach der Fusion mit den BSV-Elementen &#8211; und versteht mich jetzt nicht falsch, ich bin ein totaler Fan der Fusion! Ich finde, das war eine Fusion, die einer Supernova w\u00fcrdig ist! Beinahe schon eine Kernfusion! &#8211; sind wir nun ein Doppelhaufen. Etwas verwirrend ist die Lage also schon. Aber ich schweife ab \u2026<\/span><\/span><\/p>\n<p><span style=\"font-family: Arial,sans-serif;\"><span style=\"font-size: small;\">R\u00fcckblickend auf die vergangene Saison ist der erste Gedanke, der kommen muss, zwangsl\u00e4ufig und selbstredend: Danke Carsten! <\/span><\/span><\/p>\n<p><span style=\"font-family: Arial,sans-serif;\"><span style=\"font-size: small;\">Als wir f\u00fcr die Zweite einen Trainer brauchten, wurde aus dem gesch\u00e4tzten Mitspieler der gesch\u00e4tzte Trainer. Die L\u00fccke, die er hinterl\u00e4sst, wird nur schwer zu f\u00fcllen sein. Aber es bleibt die Hoffnung, dass er nach seiner Zeit au\u00dferhalb unserer Einflusssph\u00e4re ja doch wieder nach Erlangen zur\u00fcckkommt. Ein Platz in unseren Reihen ist sicher noch frei &#8211; den Platz in unseren Herzen hat er sich schon lange erobert. Zu schmalzig? Vielleicht &#8230; aber gerechtfertigt!<\/span><\/span><\/p>\n<p><span style=\"font-family: Arial,sans-serif;\"><span style=\"font-size: small;\">Auch durch seinen Einsatz ist die Trainingsmoral in der Zweiten stetig gestiegen, wie mir eindeutig versichert wurde. Aber da unser neuer ordentlicher Trainer Johannes &#8211; so wie ich ihn kenne &#8211; mit viel Engagement in die Saisonvorbereitung gehen wird, kann ja die n\u00e4chste Spielzeit kommen.<\/span><\/span><\/p>\n<p><span style=\"font-family: Arial,sans-serif;\"><span style=\"font-size: small;\">Au\u00dferdem k\u00f6nnen wir schon wieder ein paar Neuzug\u00e4nge begr\u00fc\u00dfen, die frischen Wind, Spa\u00df und neue Impulse mitbringen. Von Spielern mit langer Erfahrung bis zu hochmotivierten Anf\u00e4ngern ist alles dabei. Wer jetzt Lust kriegt, mitzumachen, ist herzlich Willkommen.<\/span><\/span><\/p>\n<p><span style=\"font-family: Arial,sans-serif;\"><span style=\"font-size: small;\">Nat\u00fcrlich gibt es auch Abg\u00e4nge zu verkraften. Nicht wenige Spieler haben wir an die \u201eKonkurrenten\u201c unserer Ersten verloren. Aber hat uns das aufgehalten? Nein, wir sind immer noch da. Und st\u00e4rker als zuvor! Wir haben n\u00e4mlich die Position der ersten M\u00e4nnermannschaft \u00fcbernommen und die ehemalige Elite auf den zweiten Platz verwiesen! <\/span><\/span><\/p>\n<p><span style=\"font-family: Arial,sans-serif;\"><span style=\"font-size: small;\">Wir starten also n\u00e4chste Saison wieder in der Staffel &#8222;West&#8220; &#8211; da wo M\u00e4nner noch M\u00e4nner sind, der Hallenboden aus irgendeinem Kunststoff und die Fahrten zu den Ausw\u00e4rtsspielen nicht so lang dauern! Und daher hei\u00dft auch die Devise: Klassenerhalt! Ich bin mal so \u00fcberheblich und sage, dass das zu schaffen sein sollte. Locker! Bei unserer Personaldecke \u2026<\/span><\/span><\/p>\n<p><span style=\"font-family: Arial,sans-serif;\"><span style=\"font-size: small;\">Obwohl ich gebeten wurde, eine Anekdote aus dem Leben zu erz\u00e4hlen, muss ich mich diesem Wunsch leider verweigern. Nachzulesen w\u00e4re diese humorige Begebenheit sowieso in der L.A. Times &#8211; oder auf Nachfrage auch m\u00fcndlich zu erhalten bei Joja oder Tobi (ist auf jeden Fall eine Nachfrage wert!).<\/span><\/span><\/p>\n<p><span style=\"font-family: Arial,sans-serif;\"><span style=\"font-size: small;\">Damit m\u00f6chte ich auch schon zum Ende kommen. Und das geh\u00f6rt unseren vielen Helfern (Schiedsrichter, Abteilungsleiter, Partyveranstalter, Fettspritzer und Heft-Layout-Gestaltungs-Foto-Spitzenkraft) &#8211; die meisten freiwillig und alle ehrenamtlich. Vielen Dank f\u00fcr eure aufopferungsvolle Arbeit, ihr macht den Verein und die Spielgemeinschaft zu etwas ganz Besonderem!<\/span><\/span><\/p>\n","protected":false},"excerpt":{"rendered":"<p>Es ist immer eine ehrenvolle Aufgabe, einen Bericht \u00fcber &#8222;die Mannschaft&#8220; zu schreiben. Nat\u00fcrlich m\u00fcssen hier und jetzt m\u00f6gliche Missverst\u00e4ndnisse sofort ausger\u00e4umt werden: Das ist kein Bericht \u00fcber irgend eine Fu\u00dfball-Nationalmannschaft von wann-und-wo-auch-immer. Es geht hier um die einzige &#8222;die &hellip; <a href=\"https:\/\/www.djk-erlangen.de\/handball\/?p=1662\">Weiterlesen <span class=\"meta-nav\">&rarr;<\/span><\/a><\/p>\n","protected":false},"author":4,"featured_media":0,"comment_status":"closed","ping_status":"closed","sticky":false,"template":"","format":"standard","meta":{"footnotes":""},"categories":[4],"tags":[],"class_list":["post-1662","post","type-post","status-publish","format-standard","hentry","category-herren"],"_links":{"self":[{"href":"https:\/\/www.djk-erlangen.de\/handball\/index.php?rest_route=\/wp\/v2\/posts\/1662","targetHints":{"allow":["GET"]}}],"collection":[{"href":"https:\/\/www.djk-erlangen.de\/handball\/index.php?rest_route=\/wp\/v2\/posts"}],"about":[{"href":"https:\/\/www.djk-erlangen.de\/handball\/index.php?rest_route=\/wp\/v2\/types\/post"}],"author":[{"embeddable":true,"href":"https:\/\/www.djk-erlangen.de\/handball\/index.php?rest_route=\/wp\/v2\/users\/4"}],"replies":[{"embeddable":true,"href":"https:\/\/www.djk-erlangen.de\/handball\/index.php?rest_route=%2Fwp%2Fv2%2Fcomments&post=1662"}],"version-history":[{"count":1,"href":"https:\/\/www.djk-erlangen.de\/handball\/index.php?rest_route=\/wp\/v2\/posts\/1662\/revisions"}],"predecessor-version":[{"id":1665,"href":"https:\/\/www.djk-erlangen.de\/handball\/index.php?rest_route=\/wp\/v2\/posts\/1662\/revisions\/1665"}],"wp:attachment":[{"href":"https:\/\/www.djk-erlangen.de\/handball\/index.php?rest_route=%2Fwp%2Fv2%2Fmedia&parent=1662"}],"wp:term":[{"taxonomy":"category","embeddable":true,"href":"https:\/\/www.djk-erlangen.de\/handball\/index.php?rest_route=%2Fwp%2Fv2%2Fcategories&post=1662"},{"taxonomy":"post_tag","embeddable":true,"href":"https:\/\/www.djk-erlangen.de\/handball\/index.php?rest_route=%2Fwp%2Fv2%2Ftags&post=1662"}],"curies":[{"name":"wp","href":"https:\/\/api.w.org\/{rel}","templated":true}]}}