{"id":1571,"date":"2016-04-08T08:01:52","date_gmt":"2016-04-08T06:01:52","guid":{"rendered":"http:\/\/www.djk-erlangen.de\/handball\/?p=1571"},"modified":"2016-04-08T14:16:44","modified_gmt":"2016-04-08T12:16:44","slug":"abteilungsbericht-april-2016","status":"publish","type":"post","link":"https:\/\/www.djk-erlangen.de\/handball\/?p=1571","title":{"rendered":"Abteilungsbericht April 2016"},"content":{"rendered":"<p><span style=\"font-family: Arial,sans-serif;\"><span style=\"font-size: small;\">Nun bin ich seit genau einem Jahr Vorstand unserer Handballabteilung, und es war ein sehr turbulentes Jahr, im Guten wie im Schlechten.<\/span><\/span><\/p>\n<p><span style=\"font-family: Arial,sans-serif;\"><span style=\"font-size: small;\">Das allererste, das ich als neuer Abteilungsleiter in die Hand nehmen durfte, war die kurzfristige Gr\u00fcndung einer Spielgemeinschaft. Unsere Herren und Damen haben sich mit dem Baiersdorfer Sportverein zusammengeschlossen. Wir haben uns davon mehr Trainingszeiten, bessere Aufteilung in Leistungs- und Spa\u00dfspieler so wie eine erh\u00f6hte Konkurrenzf\u00e4higkeit gegen die zahlreichen anderen Vereine der Region erhofft. Also haben mein Kollege vom BSV, Johannes Hild, und ich uns sehr daf\u00fcr eingesetzt, die Mannschaften auf diese Bahn zu bringen und alle erforderlichen Unter- und Auflagen f\u00fcr den BHV zu erf\u00fcllen.<\/span><\/span><\/p>\n<p><span style=\"font-family: Arial,sans-serif;\"><span style=\"font-size: small;\">Die Zeit, M\u00fche und Rennerei hat sich gelohnt, denn unsere Spieler\/innen haben die kleinen, noch verbliebenen Zweifel sehr schnell \u00fcberwunden und die SG DJK Erlangen\/Baiersdorf ist in einem kurzen Jahr bereits zu einer Einheit zusammengewachsen, die andere Vereine in l\u00e4ngerer Zeit nicht erreichen.<\/span><\/span><\/p>\n<p><span style=\"font-family: Arial,sans-serif;\"><span style=\"font-size: small;\">Wir haben fast alle Ziele, die wir an die SG gerichtet haben, auch erf\u00fcllt. Das einzige, das nicht m\u00f6glich war, war die Vermehrung der Traingseinheiten. Denn leider wurde unsere Halle nach den Sommerferien von der Stadt zur Unterbringung der Asylbewerber in Erlangen genutzt. Unsere neu dazu gewonnene Halle in Baiersdorf ereilte das selbe Schicksal, so dass wir mit dem Beginn der Saison v\u00f6llig ohne Halle da standen.<\/span><\/span><\/p>\n<p><span style=\"font-family: Arial,sans-serif;\"><span style=\"font-size: small;\">Ohne Vorbereitung und mit hier und da zusammen geliehenen (und niemals ausreichenden) Hallenzeiten hat sich sofort der Wert der SG gezeigt. Ob unsere Vereine getrennt diese Situation \u00fcberstanden h\u00e4tten ist ungewiss, aber zum Gl\u00fcck m\u00fcssen wir das nicht erfahren.<\/span><\/span><\/p>\n<p><span style=\"font-family: Arial,sans-serif;\"><span style=\"font-size: small;\">Die Notlage wurde nat\u00fcrlich bemeckert, bem\u00e4ngelt und verflucht, aber sie hat unsere Mannschaften auch zusammen wachsen lassen. <\/span><\/span><\/p>\n<p><span style=\"font-family: Arial,sans-serif;\"><span style=\"font-size: small;\">Positiv ist anzumerken, das bei uns ein wenig Unmut \u00fcber die fehlende Kommunikation der Stadt entstand, aber eine negative Stimmung gegen\u00fcber den Fl\u00fcchtlingen kam niemals auf! Im Gegenteil sind einige unserer Mitglieder in wohlt\u00e4tigen Vereinen ehrenamtlich besch\u00e4ftigt, und alle haben absolutes Verst\u00e4ndnis f\u00fcr die Notlage der Betroffenen. Keiner hat sich den faulen Ausweg genommen und die Schuld auf die einfachen Ziele geschoben. Ich bin stolz Mitglied in dieser SG zu sein!<\/span><\/span><\/p>\n<p><span style=\"font-family: Arial,sans-serif;\"><span style=\"font-size: small;\">Die Gute Nachricht ist das unsere Eurohalle demn\u00e4chst wieder frei werden k\u00f6nnte. In der Zeitung und im Internet lassen sich Berichte finden, dass die Halle im April ger\u00e4umt wird und nach Renovierungsarbeiten auch f\u00fcr den Vereinssport wieder verf\u00fcgbar wird. Schade ist nur das wir erneut nur Berichte aus den Medien haben und keine direkte Stellungsnahme oder Nachricht der Stadt. Aber wir sind halt nicht die HC.<\/span><\/span><\/p>\n<p><span style=\"font-family: Arial,sans-serif;\"><span style=\"font-size: small;\">Die Saison ist bei allen Mannschaften recht gut verlaufen. Im Erwachsenenbereich, sprich in der SG, haben alle Mannschaften in etwa die vor der Saison erwarteten Platzierungen am Ende der Saison erreicht. <\/span><\/span><\/p>\n<p><span style=\"font-family: Arial,sans-serif;\"><span style=\"font-size: small;\">Nat\u00fcrlich hat die erste M\u00e4nner vorsichtig vom Aufstieg zu tr\u00e4umen gewagt, und die anderen Mannschaften w\u00e4ren gerne ein wenig h\u00f6her in den Tabellen, aber wenn man sich unsere Situation mit der fehlenden Vorbereitung und den kaum vorhandenen Trainingszeiten betrachtet, haben wir das erste Jahr der SG recht gut hinbekommen.<\/span><\/span><\/p>\n<p><span style=\"font-family: Arial,sans-serif;\"><span style=\"font-size: small;\">Die D-Jugend und die Minis haben sich Dank der Flexibilit\u00e4t der Eltern sehr schnell auf die zwangsweise neuen Trainingszeiten eingestellt und eine ordentliche Saison abgeliefert.<\/span><\/span><\/p>\n<p><span style=\"font-family: Arial,sans-serif;\"><span style=\"font-size: small;\">Der einzige R\u00fcckschlag ist die E-Jugend, die in der R\u00fcckrunde leider keine Mannschaft mehr in den Turnierbetrieb schicken konnte. Daran versuchen wir nun mit Hochdruck zu arbeiten, um n\u00e4chste Saison auch diese Altersklasse wieder ins Rennen schicken zu k\u00f6nnen.<\/span><\/span><\/p>\n<p><span style=\"font-family: Arial,sans-serif;\"><span style=\"font-size: small;\">Das Projekt Spielgemeinschaft ist also bislang auf allen Ebenen, spielerisch, menschlich und vom Engagement her, ein Erfolg. Deshalb sehen mein Kollege vom BSV Johannes Hild und Ich keinen Grund diese nach einem Jahr schon wieder zu beenden. Und wie es aussieht stimmen uns die Spieler\/innen einstimmig zu. <\/span><\/span><\/p>\n<p><span style=\"font-family: Arial,sans-serif;\"><span style=\"font-size: small;\">Unser Jugendbereich h\u00e4lt sich, aber ich w\u00fcrde Ihn gerne noch ausbauen. Gegen die gro\u00dfe Konkurrenz im Erlanger Vereinssport, sowohl bei Handball als auch bei anderen Sportarten, wird das nat\u00fcrlich eine schwierige Aufgabe. Aber wir arbeiten dran. Mal sehen ob unsere Bem\u00fchungen \u00fcber Kurz oder Lang Fr\u00fcchte tragen werden.<\/span><\/span><\/p>\n<p><span style=\"font-family: Arial,sans-serif;\"><span style=\"font-size: small;\">Die Jugend geht jetzt erst mal in die Sommerpause. Als einziger fester Termin steht unsere allj\u00e4hrliche Jugendfreizeit an. Ob noch weitere Spa\u00dfturniere oder Trainingsspiele hinzu kommen ist vollkommen den jeweiligen Trainern \u00fcberlassen.<\/span><\/span><\/p>\n<p><span style=\"font-family: Arial,sans-serif;\"><span style=\"font-size: small;\">Bei den Erwachsenen ist die Hauptsaison vor\u00fcber, aber jetzt beginnt die Turniersaison. Es wird bereits hitzig diskutiert, auf welchen Sommer- und Spa\u00dfturnieren wir uns anmelden wollen. Die einzigen die feststehen sind das Bergturnier der HSG Erlangen\/Niederlindach und nat\u00fcrlich unser eigenes Vorbereitungsturnier, das wie jedes Jahr im September stattfindet.<\/span><\/span><\/p>\n<p><span style=\"font-family: Arial,sans-serif;\"><span style=\"font-size: small;\">Zudem ist die Planung f\u00fcr die wichtigen Bereiche des Vereinsleben in vollem Gange: Saisonabschlussfeier, Abschiedsfeiern f\u00fcr die Spieler, die uns verlassen, Geburtstagsfeiern und Hochzeiten (auf denen wir feiern!). An Gr\u00fcnden unseren Vereinszusammenhalt zu st\u00e4rken mangelt es uns wahrlich nicht.<\/span><\/span><\/p>\n<p><span style=\"font-family: Arial,sans-serif;\"><span style=\"font-size: small;\">Vor Kurzem fand noch unsere j\u00e4hrliche Abteilungsversammlung statt. Da dieses Jahr ohne Neuwahlen verlief gibt es dar\u00fcber kaum etwas interessantes zu berichten. Alles was dort besprochen wurde ist in diesem Bericht so wie in den Beitr\u00e4gen der Mannschaften zusammengefasst.<\/span><\/span><\/p>\n<p><span style=\"font-family: Arial,sans-serif;\"><span style=\"font-size: small;\">Alle Infos \u00fcber unsere Abteilung, inklusive Trainingszeiten, Ansprechpartner und aktuelle Spielberichte kann man auch auf unserer Internetseite unter <a href=\"http:\/\/www.djk-erlangen.de\/handball\">http:\/\/www.djk-erlangen.de\/handball<\/a> finden.<\/span><\/span><\/p>\n<p><span style=\"font-family: Arial,sans-serif;\"><span style=\"font-size: small;\">Falls jemand \u00fcber unser Treiben auf dem Laufenden gehalten werden m\u00f6chte, <a href=\"https:\/\/www.facebook.com\/sgdjkbsv\/timeline?ref=page_internal\">die SG DJK Erlangen\/Baiersdorf ist auch auf Facebook vertreten<\/a>.<\/span><\/span><\/p>\n<p><span style=\"font-family: Arial,sans-serif;\"><span style=\"font-size: small;\">Vielen Dank an alle Fans und Unterst\u00fctzer, die unsere Heimspiele des \u00f6fteren in ein Handballfest verwandelt haben. <\/span><\/span><\/p>\n<p><span style=\"font-family: Arial,sans-serif;\"><span style=\"font-size: small;\">Ebenfalls noch mal ein Danke an unseren Sponsor Brauerei Weller, die uns vor der Saison mit nagelneuen S\u00e4tzen Trikots ausger\u00fcstet haben. Im Gegenzug haben wir f\u00fcr Sie ungeniert Werbung gemacht und Ihr leckeres Bier auf vielen unserer Veranstaltungen ausgeschenkt. Ich hoffe Sie haben aus unserer Partnerschaft ebenso viel herausbekommen wie wir, und wir m\u00f6chten gerne weiter mit Ihnen zusammenarbeiten.<\/span><\/span><\/p>\n<p><span style=\"font-family: Arial,sans-serif;\"><span style=\"font-size: small;\">Ebenfalls Danke an unsere Trainer: Markus, Carsten, Vanusch, Nirnai, Hannes, Claudia, Ute, Ihr habt viel Arbeit auf Euch genommen und mir damit viel Arbeit erspart. Danke f\u00fcr die gute Zusammenarbeit, und ich hoffe das wir auch weiterhin als Team an einem Strang ziehen k\u00f6nnen um unsere Handballabteilung weiterhin so reibungslos am Laufen zu halten.<\/span><\/span><\/p>\n<p><span style=\"font-family: Arial,sans-serif;\"><span style=\"font-size: small;\">Als letztes noch ein besonderes Danke an unsere Mitglieder Kerstin, Sebastian und Christian, die im Laufe der Saison sehr viel Verantwortung \u00fcbernommen haben und immer Zeit und M\u00fche in den Verein gesteckt haben, wenn man Sie gebraucht hat.<\/span><\/span><\/p>\n<p><span style=\"font-family: Arial,sans-serif;\"><span style=\"font-size: small;\">Damit genug f\u00fcr diese Zusammenfassung. <\/span><\/span><\/p>\n<p><span style=\"font-family: Arial,sans-serif;\"><span style=\"font-size: small;\">Jetzt freuen wir uns erst mal auf den Sommer und auf den Berg!<\/span><\/span><\/p>\n","protected":false},"excerpt":{"rendered":"<p>Nun bin ich seit genau einem Jahr Vorstand unserer Handballabteilung, und es war ein sehr turbulentes Jahr, im Guten wie im Schlechten. Das allererste, das ich als neuer Abteilungsleiter in die Hand nehmen durfte, war die kurzfristige Gr\u00fcndung einer Spielgemeinschaft. &hellip; <a href=\"https:\/\/www.djk-erlangen.de\/handball\/?p=1571\">Weiterlesen <span class=\"meta-nav\">&rarr;<\/span><\/a><\/p>\n","protected":false},"author":4,"featured_media":0,"comment_status":"closed","ping_status":"closed","sticky":false,"template":"","format":"standard","meta":{"footnotes":""},"categories":[1],"tags":[],"class_list":["post-1571","post","type-post","status-publish","format-standard","hentry","category-allgemein"],"_links":{"self":[{"href":"https:\/\/www.djk-erlangen.de\/handball\/index.php?rest_route=\/wp\/v2\/posts\/1571","targetHints":{"allow":["GET"]}}],"collection":[{"href":"https:\/\/www.djk-erlangen.de\/handball\/index.php?rest_route=\/wp\/v2\/posts"}],"about":[{"href":"https:\/\/www.djk-erlangen.de\/handball\/index.php?rest_route=\/wp\/v2\/types\/post"}],"author":[{"embeddable":true,"href":"https:\/\/www.djk-erlangen.de\/handball\/index.php?rest_route=\/wp\/v2\/users\/4"}],"replies":[{"embeddable":true,"href":"https:\/\/www.djk-erlangen.de\/handball\/index.php?rest_route=%2Fwp%2Fv2%2Fcomments&post=1571"}],"version-history":[{"count":4,"href":"https:\/\/www.djk-erlangen.de\/handball\/index.php?rest_route=\/wp\/v2\/posts\/1571\/revisions"}],"predecessor-version":[{"id":1581,"href":"https:\/\/www.djk-erlangen.de\/handball\/index.php?rest_route=\/wp\/v2\/posts\/1571\/revisions\/1581"}],"wp:attachment":[{"href":"https:\/\/www.djk-erlangen.de\/handball\/index.php?rest_route=%2Fwp%2Fv2%2Fmedia&parent=1571"}],"wp:term":[{"taxonomy":"category","embeddable":true,"href":"https:\/\/www.djk-erlangen.de\/handball\/index.php?rest_route=%2Fwp%2Fv2%2Fcategories&post=1571"},{"taxonomy":"post_tag","embeddable":true,"href":"https:\/\/www.djk-erlangen.de\/handball\/index.php?rest_route=%2Fwp%2Fv2%2Ftags&post=1571"}],"curies":[{"name":"wp","href":"https:\/\/api.w.org\/{rel}","templated":true}]}}