{"id":1568,"date":"2016-04-08T08:46:49","date_gmt":"2016-04-08T06:46:49","guid":{"rendered":"http:\/\/www.djk-erlangen.de\/handball\/?p=1568"},"modified":"2016-04-08T14:12:39","modified_gmt":"2016-04-08T12:12:39","slug":"mannschaftsbericht-d-jugend-april-2016","status":"publish","type":"post","link":"https:\/\/www.djk-erlangen.de\/handball\/?p=1568","title":{"rendered":"Mannschaftsbericht D-Jugend April 2016"},"content":{"rendered":"<p><span style=\"font-family: Arial,sans-serif;\"><span style=\"font-size: small;\">Es ist M\u00e4rz, die Saison 2015\/16 ist vorbei, der Sommer naht. <\/span><\/span><\/p>\n<p><span style=\"font-family: Arial,sans-serif;\"><span style=\"font-size: small;\">Aber die Handballschuhe werden deswegen noch nicht an den Nagel geh\u00e4ngt.<\/span><\/span><\/p>\n<p><span style=\"font-family: Arial,sans-serif;\"><span style=\"font-size: small;\">Also hier wieder mal ein kleiner R\u00fcckblick auf das letzte Viertel Jahr, und dazu noch ein vorsichtiger Blick in die Zukunft.<\/span><\/span><\/p>\n<p><span style=\"font-family: Arial,sans-serif;\"><span style=\"font-size: small;\">Die Saison ist in der R\u00fcckrunde deutlich besser verlaufen als in der Hinrunde.<\/span><\/span><\/p>\n<p><span style=\"font-family: Arial,sans-serif;\"><span style=\"font-size: small;\">Grunds\u00e4tzlich teilt sich unsere Bezirksklasse in zwei Teile: Oben spielt die sehr starke Truppe der HC und die Jungs aus Niederlindach. In der anderen H\u00e4lfte haben sich die Kinder aus Buckenhofen, des SC Eltersdorf und wir knappe Duelle geliefert. <\/span><\/span><\/p>\n<p><span style=\"font-family: Arial,sans-serif;\"><span style=\"font-size: small;\">Die Ergebnisse der Spiele spiegelten dabei leider nicht immer die Leistung auf dem Feld wieder. So haben wir tolle Spiele, auch gegen die HC, abgeliefert, die aber Dank zu vieler Gegenst\u00f6\u00dfe unn\u00f6tig hoch ausgefallen sind.<\/span><\/span><\/p>\n<p><span style=\"font-family: Arial,sans-serif;\"><span style=\"font-size: small;\">Auf der anderen Seite hatten wir auch Spiele, die nicht sonderlich toll aussahen, aber durch einen oder zwei gute Spieler gewonnen wurden.<\/span><\/span><\/p>\n<p><span style=\"font-family: Arial,sans-serif;\"><span style=\"font-size: small;\">Letztendlich hat sich die unerfahrene und junge Mannschaft der Hinrunde gesteigert, und auch wenn noch deutlich Luft nach oben ist haben wir uns im gro\u00dfen und ganzen sichtbar verbessert. Nun m\u00fcssen wir nur noch hinbekommen die Leistung, zu der unsere Kinder f\u00e4hig sind, ein ganzes Spiel aufrecht zu erhalten.<\/span><\/span><\/p>\n<p><span style=\"font-family: Arial,sans-serif;\"><span style=\"font-size: small;\">Das Training ist deutlich besser geworden. Es ist mittlerweile kein Ratespiel mehr, wie viele tats\u00e4chlich kommen. In der D-Jugend haben sich die meisten unserer Kinder auf Ihre Sportart festgelegt, und zum Gl\u00fcck ist diese Sportart Handball.<\/span><\/span><\/p>\n<p><span style=\"font-family: Arial,sans-serif;\"><span style=\"font-size: small;\">Dazu kommt eine gewisse Routine, die jedes Training in verschiedene Abschnitte unterteilt, so dass z.B. das Aufw\u00e4rmen schon von den Jungs und M\u00e4dels selbstst\u00e4ndig gemacht werden kann. F\u00fcr mich als alleiniger Trainer von 14 Kindern ist das extrem hilfreich. <\/span><\/span><\/p>\n<p><span style=\"font-family: Arial,sans-serif;\"><span style=\"font-size: small;\">Aber vielleicht bleibe ich nicht mehr lange allein. Von unserer Damenmannschaft haben einige Interesse an ehrenamtlichen Positionen in unserem Verein bekundet. Hoffentlich bleiben davon welche trotz der Zeit und M\u00fche, die so etwas kostet, dabei. Wir k\u00f6nnen jede Hilfe gebrauchen \u2013 wie vermutlich jeder andere Verein auch.<\/span><\/span><\/p>\n<p><span style=\"font-family: Arial,sans-serif;\"><span style=\"font-size: small;\">Unsere D-Jugend bleibt auch f\u00fcr das n\u00e4chste Jahr erhalten. Sehr wenige unserer jetzt spielenden Kinder werden zu Alt f\u00fcr diese Jahrgangsstufe, und von der E-Jugend r\u00fccken welche nach. Wie es im Augenblick aussieht haben wir n\u00e4chstes Jahr vielleicht sogar noch mehr Spieler\/innen.<\/span><\/span><\/p>\n<p><span style=\"font-family: Arial,sans-serif;\"><span style=\"font-size: small;\">Was nat\u00fcrlich nicht hei\u00dft das wir keine neuen Gesichter sehen wollen.<\/span><\/span><\/p>\n<p><span style=\"font-family: Arial,sans-serif;\"><span style=\"font-size: small;\">Alle M\u00e4dchen und Jungs der Jahrgangsstufe 2003\/04, die Handball mal ausprobieren wollen, sind uns in der D-Jugend willkommen.<\/span><\/span><\/p>\n<p><span style=\"font-family: Arial,sans-serif;\"><span style=\"font-size: small;\">Training ist immer Donnerstags, von 18:15 Uhr bis 19:45 Uhr in der Halle des Albert-Schweizer-Gymnasiums.<\/span><\/span><\/p>\n<p><span style=\"font-family: Arial,sans-serif;\"><span style=\"font-size: small;\">Jetzt ist die Saison aber erst mal rum, und au\u00dfer Freundschaftsspielen, unserer allj\u00e4hrlich Jugendfreizeit im Sommer und vielleicht das eine oder andere Rasenturnier passiert bis September erst mal nichts mehr.<\/span><\/span><\/p>\n<p><span style=\"font-family: Arial,sans-serif;\"><span style=\"font-size: small;\">Zum Schluss noch das obligatorische aber absolut Ernst gemeinte Danke Sch\u00f6n.<\/span><\/span><\/p>\n<p><span style=\"font-family: Arial,sans-serif;\"><span style=\"font-size: small;\">Danke an alle Helfer, und besonders unsere Eltern. Ohne Eure Hilfe w\u00fcssten wir meist nicht wie wir alles auf die Reihe bringen sollten, was in so einer Saison anf\u00e4llt. <\/span><\/span><\/p>\n<p><span style=\"font-family: Arial,sans-serif;\"><span style=\"font-size: small;\">Wir w\u00fcnschen allen einen sch\u00f6nen Sommer,<\/span><\/span><\/p>\n<p><span style=\"font-family: Arial,sans-serif;\"><span style=\"font-size: small;\">und ein fr\u00f6hliches \u201eHandball macht Spa\u00df\u201c,<\/span><\/span><\/p>\n<p><span style=\"font-family: Arial,sans-serif;\"><span style=\"font-size: small;\">die Trainer.<\/span><\/span><\/p>\n","protected":false},"excerpt":{"rendered":"<p>Es ist M\u00e4rz, die Saison 2015\/16 ist vorbei, der Sommer naht. Aber die Handballschuhe werden deswegen noch nicht an den Nagel geh\u00e4ngt. Also hier wieder mal ein kleiner R\u00fcckblick auf das letzte Viertel Jahr, und dazu noch ein vorsichtiger Blick &hellip; <a href=\"https:\/\/www.djk-erlangen.de\/handball\/?p=1568\">Weiterlesen <span class=\"meta-nav\">&rarr;<\/span><\/a><\/p>\n","protected":false},"author":4,"featured_media":0,"comment_status":"closed","ping_status":"closed","sticky":false,"template":"","format":"standard","meta":{"footnotes":""},"categories":[12],"tags":[],"class_list":["post-1568","post","type-post","status-publish","format-standard","hentry","category-d-jugend"],"_links":{"self":[{"href":"https:\/\/www.djk-erlangen.de\/handball\/index.php?rest_route=\/wp\/v2\/posts\/1568","targetHints":{"allow":["GET"]}}],"collection":[{"href":"https:\/\/www.djk-erlangen.de\/handball\/index.php?rest_route=\/wp\/v2\/posts"}],"about":[{"href":"https:\/\/www.djk-erlangen.de\/handball\/index.php?rest_route=\/wp\/v2\/types\/post"}],"author":[{"embeddable":true,"href":"https:\/\/www.djk-erlangen.de\/handball\/index.php?rest_route=\/wp\/v2\/users\/4"}],"replies":[{"embeddable":true,"href":"https:\/\/www.djk-erlangen.de\/handball\/index.php?rest_route=%2Fwp%2Fv2%2Fcomments&post=1568"}],"version-history":[{"count":1,"href":"https:\/\/www.djk-erlangen.de\/handball\/index.php?rest_route=\/wp\/v2\/posts\/1568\/revisions"}],"predecessor-version":[{"id":1575,"href":"https:\/\/www.djk-erlangen.de\/handball\/index.php?rest_route=\/wp\/v2\/posts\/1568\/revisions\/1575"}],"wp:attachment":[{"href":"https:\/\/www.djk-erlangen.de\/handball\/index.php?rest_route=%2Fwp%2Fv2%2Fmedia&parent=1568"}],"wp:term":[{"taxonomy":"category","embeddable":true,"href":"https:\/\/www.djk-erlangen.de\/handball\/index.php?rest_route=%2Fwp%2Fv2%2Fcategories&post=1568"},{"taxonomy":"post_tag","embeddable":true,"href":"https:\/\/www.djk-erlangen.de\/handball\/index.php?rest_route=%2Fwp%2Fv2%2Ftags&post=1568"}],"curies":[{"name":"wp","href":"https:\/\/api.w.org\/{rel}","templated":true}]}}