{"id":1463,"date":"2015-11-30T23:43:20","date_gmt":"2015-11-30T22:43:20","guid":{"rendered":"http:\/\/www.djk-erlangen.de\/handball\/?p=1463"},"modified":"2015-12-04T09:52:25","modified_gmt":"2015-12-04T08:52:25","slug":"mannschaftsbericht-minis-dezember-2015","status":"publish","type":"post","link":"https:\/\/www.djk-erlangen.de\/handball\/?p=1463","title":{"rendered":"Mannschaftsbericht Minis Dezember 2015"},"content":{"rendered":"<p><span style=\"font-family: Arial,sans-serif;\"><span style=\"font-size: small;\">Auch bei uns hat p\u00fcnktlich zum Schluss der Sommerferien wieder die Saison begonnen. <b>Eigentlich<\/b>\u2026\u2026.denn auch p\u00fcnktlich zum Trainingsstart wurde unser Halle von Fl\u00fcchtlingen belegt. <\/span><\/span><\/p>\n<p><span style=\"font-family: Arial,sans-serif;\"><span style=\"font-size: small;\">Das hie\u00df f\u00fcr uns Trainer zu organisieren und irgendwie Trainingsm\u00f6glichkeiten zu schaffen. Es war nicht einfach, da in Erlangen auch keine Ersatzhallen f\u00fcr uns zur Verf\u00fcgung standen.<\/span><\/span><\/p>\n<p><span style=\"font-family: Arial,sans-serif;\"><span style=\"font-size: small;\">Nun trainieren wir am Donnerstag in der Halle des ASG\u00b4s. Von 17:15 bis 18:15 die Minis und die E-Jugend zusammen und von 18:15 bis 19:30 die D-Jugend.<\/span><\/span><\/p>\n<p><span style=\"font-family: Arial,sans-serif;\"><span style=\"font-size: small;\">Das wenige Training machte sich auch an der Spielweise der Kinder bemerkbar.<\/span><\/span><\/p>\n<p><span style=\"font-family: Arial,sans-serif;\"><span style=\"font-size: small;\">Unser erstes Turnier war am 27.09. in Niederlindach und es wurden beide Spiele hoch verloren. Das zweite Turnier hatten wir ein paar Wochen sp\u00e4ter in Buckenhofen \u2026\u2026 .da war das ganze schon um einiges besser. Ein Gewinn und einmal verloren. Beim dritten Turnier in Feucht waren es dann zwei Siege. Man hat gemerkt, dass die Spielpraxis wieder etwas mehr geworden ist. Die Kinder haben wieder viel besser zusammen gespielt.<\/span><\/span><\/p>\n<p><span style=\"font-family: Arial,sans-serif;\"><span style=\"font-size: small;\">Leider sind uns durch die Trainingsumstellung von Mittwoch auf Donnerstag einige Kinder weggeblieben, weil es mit der Schule nicht zu vereinbaren war, d.h. <b>wir brauchen wieder neue Kinder<\/b>.<\/span><\/span><\/p>\n<p><span style=\"font-family: Arial,sans-serif;\"><span style=\"font-size: small;\">Also wer Zeit und Lust hat mal bei uns mit zu trainieren kommt einfach mal am Donnerstag um 17:15 in die Halle vom Albert-Schweitzer-Gymnasium und schaut sich das an.<\/span><\/span><\/p>\n","protected":false},"excerpt":{"rendered":"<p>Auch bei uns hat p\u00fcnktlich zum Schluss der Sommerferien wieder die Saison begonnen. Eigentlich\u2026\u2026.denn auch p\u00fcnktlich zum Trainingsstart wurde unser Halle von Fl\u00fcchtlingen belegt. Das hie\u00df f\u00fcr uns Trainer zu organisieren und irgendwie Trainingsm\u00f6glichkeiten zu schaffen. Es war nicht einfach, &hellip; <a href=\"https:\/\/www.djk-erlangen.de\/handball\/?p=1463\">Weiterlesen <span class=\"meta-nav\">&rarr;<\/span><\/a><\/p>\n","protected":false},"author":4,"featured_media":0,"comment_status":"closed","ping_status":"closed","sticky":false,"template":"","format":"standard","meta":{"footnotes":""},"categories":[9],"tags":[],"class_list":["post-1463","post","type-post","status-publish","format-standard","hentry","category-minis"],"_links":{"self":[{"href":"https:\/\/www.djk-erlangen.de\/handball\/index.php?rest_route=\/wp\/v2\/posts\/1463","targetHints":{"allow":["GET"]}}],"collection":[{"href":"https:\/\/www.djk-erlangen.de\/handball\/index.php?rest_route=\/wp\/v2\/posts"}],"about":[{"href":"https:\/\/www.djk-erlangen.de\/handball\/index.php?rest_route=\/wp\/v2\/types\/post"}],"author":[{"embeddable":true,"href":"https:\/\/www.djk-erlangen.de\/handball\/index.php?rest_route=\/wp\/v2\/users\/4"}],"replies":[{"embeddable":true,"href":"https:\/\/www.djk-erlangen.de\/handball\/index.php?rest_route=%2Fwp%2Fv2%2Fcomments&post=1463"}],"version-history":[{"count":2,"href":"https:\/\/www.djk-erlangen.de\/handball\/index.php?rest_route=\/wp\/v2\/posts\/1463\/revisions"}],"predecessor-version":[{"id":1474,"href":"https:\/\/www.djk-erlangen.de\/handball\/index.php?rest_route=\/wp\/v2\/posts\/1463\/revisions\/1474"}],"wp:attachment":[{"href":"https:\/\/www.djk-erlangen.de\/handball\/index.php?rest_route=%2Fwp%2Fv2%2Fmedia&parent=1463"}],"wp:term":[{"taxonomy":"category","embeddable":true,"href":"https:\/\/www.djk-erlangen.de\/handball\/index.php?rest_route=%2Fwp%2Fv2%2Fcategories&post=1463"},{"taxonomy":"post_tag","embeddable":true,"href":"https:\/\/www.djk-erlangen.de\/handball\/index.php?rest_route=%2Fwp%2Fv2%2Ftags&post=1463"}],"curies":[{"name":"wp","href":"https:\/\/api.w.org\/{rel}","templated":true}]}}