{"id":1435,"date":"2015-11-10T22:41:59","date_gmt":"2015-11-10T21:41:59","guid":{"rendered":"http:\/\/www.djk-erlangen.de\/handball\/?p=1435"},"modified":"2015-11-13T20:38:39","modified_gmt":"2015-11-13T19:38:39","slug":"1435","status":"publish","type":"post","link":"https:\/\/www.djk-erlangen.de\/handball\/?p=1435","title":{"rendered":"Aktuelle Infos zu Trainingszeiten und Spielverlegungen"},"content":{"rendered":"<p><span style=\"font-family: Arial,sans-serif;\"><span style=\"font-size: small;\">Liebe Spielerinnen und Spieler, liebe Eltern, <\/span><\/span><\/p>\n<p><span style=\"font-family: Arial,sans-serif;\"><span style=\"font-size: small;\">unsere Heimhalle, die Euro-Halle, steht f\u00fcr uns auch weiterhin leider nicht zur Verf\u00fcgung.<\/span><\/span><br \/>\n<span style=\"font-family: Arial,sans-serif;\"><span style=\"font-size: small;\">Die Stadt Erlangen ist derzeit um eine Ersatzunterkunft f\u00fcr die Fl\u00fcchtlinge bem\u00fcht. Allerdings gibt es im Moment noch keinen konkreten Zeitplan, ab dem die Euro-Halle f\u00fcr den Spiel- und Trainingsbetrieb wieder bereit steht. <\/span><\/span><\/p>\n<p><span style=\"font-family: Arial,sans-serif;\"><span style=\"font-size: small;\">Daher haben wir f\u00fcr dieses Jahr folgende Spielverlegungen vorgenommen:<\/span><\/span><\/p>\n<ul>\n<li><span style=\"font-family: Arial,sans-serif;\"><span style=\"font-size: small;\">SG DJK Herren II \u2013 SV Grafenw\u00f6hr jetzt am 6.12 um 15:15 Uhr in der Emmy-Noether Halle<br \/>\n<\/span><\/span><\/li>\n<\/ul>\n<div>\n<ul>\n<li><span style=\"font-family: Arial,sans-serif;\"><span style=\"font-size: small;\">SG DJK Damen I \u2013 HC Hersbruck e.V. jetzt am 13.12 um 17:00 Uhr in der Emmy-Noether Halle<br \/>\n<\/span><\/span><\/li>\n<\/ul>\n<\/div>\n<div>\n<ul>\n<li><span style=\"font-family: Arial,sans-serif;\"><span style=\"font-size: small;\">D-Jugend Turnier am 5.12 jetzt ab 10:10 Uhr in der Emmy-Noether Halle<\/span><\/span><\/li>\n<\/ul>\n<\/div>\n<p><span style=\"font-family: Arial,sans-serif;\"><span style=\"font-size: small;\">Die vorl\u00e4ufigen Trainingszeiten sind:<\/span><\/span><\/p>\n<div><span style=\"font-family: Arial,sans-serif;\"><span style=\"font-size: small;\">Damen: Montag 20:00 Uhr Mehrzweckhalle Hauptschule Baiersdorf<\/span><\/span><\/div>\n<div><span style=\"font-family: Arial,sans-serif;\"><span style=\"font-size: small;\">und Donnerstag 20:30 Uhr Grundschulhalle Baiersdorf<\/span><\/span><\/div>\n<div><\/div>\n<div><span style=\"font-family: Arial,sans-serif;\"><span style=\"font-size: small;\">Herren : Dienstag 20:00 Uhr Mehrzweckhalle Hauptschule Baiersdorf<\/span><\/span><\/div>\n<div><span style=\"font-family: Arial,sans-serif;\"><span style=\"font-size: small;\">und Donnerstag 18:30 Uhr Mehrzweckhalle Hauptschule Baiersdorf<\/span><\/span><\/div>\n<p><span style=\"font-family: Arial,sans-serif;\"><span style=\"font-size: small;\">D-Jugend: Donnerstag 18:15 Uhr Halle Albert-Schweizer Gymnasium<\/span><\/span><\/p>\n<p><span style=\"font-family: Arial,sans-serif;\"><span style=\"font-size: small;\">E-Jugend: Donnerstag 17:15 Uhr Halle Albert-Schweizer Gymnasium<\/span><\/span><\/p>\n<p><span style=\"font-family: Arial,sans-serif;\"><span style=\"font-size: small;\">Minis: Donnerstag 17:15 Uhr Halle Albert-Schweizer Gymnasium<\/span><\/span><\/p>\n<p><span style=\"font-family: Arial,sans-serif;\"><span style=\"font-size: small;\">Wir bedauern diese Einschr\u00e4nkungen sehr und k\u00f6nnen nur weiterhin um Euer Verst\u00e4ndnis und Eure Unterst\u00fctzung bitten. <\/span><\/span><\/p>\n<p><span style=\"font-family: Arial,sans-serif;\"><span style=\"font-size: small;\">Wir wissen, dass diese Situation nicht f\u00f6rderlich f\u00fcr den Spielbetrieb ist. Wir glauben aber auch, dass wir diese humanit\u00e4ren Katastrophe nur gemeinsam stemmen k\u00f6nnen. <\/span><\/span><br \/>\n<span style=\"font-family: Arial,sans-serif;\"><span style=\"font-size: small;\">Und wir wissen, dass die Trainingsr\u00fcckschl\u00e4ge uns mit noch mehr Leidenschaft unsere Ziele verfolgen lassen. Denn Erfolg und Gemeinschaft sind nicht (nur) von Hallenzeiten abh\u00e4ngig. <\/span><\/span><\/p>\n<p><span style=\"font-family: Arial,sans-serif;\"><span style=\"font-size: small;\">Unser Respekt gilt einmal mehr den Ehren- und Hauptamtlichen Helfern, die sich tagt\u00e4glich f\u00fcr Fl\u00fcchtlinge einsetzen. Gerade weil es in den vergangenen Wochen bundesweit immer wieder zu Drohungen gegen\u00fcber diesen engagierten Menschen gekommen ist, stellen wir uns ausdr\u00fccklich hinter ihre Arbeit. Wir freuen uns, dass auch Handballer aus unserem Verein bzw. der SG mit Baiersdorf sich entsprechend engagieren &#8211; sei es im THW oder in Fl\u00fcchtlingsinitiativen. <\/span><\/span><\/p>\n<p><span style=\"font-family: Arial,sans-serif;\"><span style=\"font-size: small;\">Sobald wir neue Informationen bez\u00fcglich der Hallennutzung haben, werden wir sie hier ver\u00f6ffentlichen. <\/span><\/span><br \/>\n<span style=\"font-family: Arial,sans-serif;\"><span style=\"font-size: small;\">Die Abteilungsleitung steht f\u00fcr R\u00fcckfragen und nat\u00fcrlich auch f\u00fcr Vorschl\u00e4ge gerne zur Verf\u00fcgung. <\/span><\/span><\/p>\n<p><span style=\"font-family: Arial,sans-serif;\"><span style=\"font-size: small;\">Refugees welcome!<\/span><\/span><\/p>\n<div><span style=\"font-family: Arial,sans-serif;\"><span style=\"font-size: small;\">Christian Wei\u00df<\/span><\/span><\/div>\n<div><span style=\"font-family: Arial,sans-serif;\"><span style=\"font-size: small;\">Abteilungsleiter DJK Erlangen<\/span><\/span><\/div>\n<div><span style=\"font-family: Arial,sans-serif;\"><span style=\"font-size: small;\">Handball<\/span><\/span><\/div>\n","protected":false},"excerpt":{"rendered":"<p>Liebe Spielerinnen und Spieler, liebe Eltern, unsere Heimhalle, die Euro-Halle, steht f\u00fcr uns auch weiterhin leider nicht zur Verf\u00fcgung. Die Stadt Erlangen ist derzeit um eine Ersatzunterkunft f\u00fcr die Fl\u00fcchtlinge bem\u00fcht. Allerdings gibt es im Moment noch keinen konkreten Zeitplan, &hellip; <a href=\"https:\/\/www.djk-erlangen.de\/handball\/?p=1435\">Weiterlesen <span class=\"meta-nav\">&rarr;<\/span><\/a><\/p>\n","protected":false},"author":4,"featured_media":0,"comment_status":"closed","ping_status":"closed","sticky":false,"template":"","format":"standard","meta":{"footnotes":""},"categories":[1],"tags":[],"class_list":["post-1435","post","type-post","status-publish","format-standard","hentry","category-allgemein"],"_links":{"self":[{"href":"https:\/\/www.djk-erlangen.de\/handball\/index.php?rest_route=\/wp\/v2\/posts\/1435","targetHints":{"allow":["GET"]}}],"collection":[{"href":"https:\/\/www.djk-erlangen.de\/handball\/index.php?rest_route=\/wp\/v2\/posts"}],"about":[{"href":"https:\/\/www.djk-erlangen.de\/handball\/index.php?rest_route=\/wp\/v2\/types\/post"}],"author":[{"embeddable":true,"href":"https:\/\/www.djk-erlangen.de\/handball\/index.php?rest_route=\/wp\/v2\/users\/4"}],"replies":[{"embeddable":true,"href":"https:\/\/www.djk-erlangen.de\/handball\/index.php?rest_route=%2Fwp%2Fv2%2Fcomments&post=1435"}],"version-history":[{"count":6,"href":"https:\/\/www.djk-erlangen.de\/handball\/index.php?rest_route=\/wp\/v2\/posts\/1435\/revisions"}],"predecessor-version":[{"id":1442,"href":"https:\/\/www.djk-erlangen.de\/handball\/index.php?rest_route=\/wp\/v2\/posts\/1435\/revisions\/1442"}],"wp:attachment":[{"href":"https:\/\/www.djk-erlangen.de\/handball\/index.php?rest_route=%2Fwp%2Fv2%2Fmedia&parent=1435"}],"wp:term":[{"taxonomy":"category","embeddable":true,"href":"https:\/\/www.djk-erlangen.de\/handball\/index.php?rest_route=%2Fwp%2Fv2%2Fcategories&post=1435"},{"taxonomy":"post_tag","embeddable":true,"href":"https:\/\/www.djk-erlangen.de\/handball\/index.php?rest_route=%2Fwp%2Fv2%2Ftags&post=1435"}],"curies":[{"name":"wp","href":"https:\/\/api.w.org\/{rel}","templated":true}]}}