{"id":1384,"date":"2015-09-09T23:57:10","date_gmt":"2015-09-09T21:57:10","guid":{"rendered":"http:\/\/www.djk-erlangen.de\/handball\/?p=1384"},"modified":"2015-09-24T11:53:06","modified_gmt":"2015-09-24T09:53:06","slug":"mannschaftsbericht-minis-september-2015","status":"publish","type":"post","link":"https:\/\/www.djk-erlangen.de\/handball\/?p=1384","title":{"rendered":"Mannschaftsbericht Minis September 2015"},"content":{"rendered":"<p><span style=\"font-family: Arial,sans-serif;\"><span style=\"font-size: small;\">Nachdem seit Ende April bei den Handballerkindern nicht mehr viel l\u00e4uft, d.h. es finden keine Turniere mehr statt, gibt es auch sportlich nichts zu berichten. Wir sind flei\u00dfig am trainieren, was bei den Temperaturen der letzten Zeit nicht immer angenehm war.<\/span><\/span><\/p>\n<p><span style=\"font-family: Arial,sans-serif;\"><span style=\"font-size: small;\">Deswegen haben wir Trainer uns zum Ende der Schulzeit noch eine kleine \u201e\u00dcberraschung\u201c einfallen lassen. <\/span><\/span><\/p>\n<p><span style=\"font-family: Arial,sans-serif;\"><span style=\"font-size: small;\">Am Sonntag den 19.07. fand unsere \u201eEltern-Kind-Olympiade\u201c am DJK-Platz statt.<\/span><\/span><\/p>\n<p><span style=\"font-family: Arial,sans-serif;\"><span style=\"font-size: small;\">Hierbei sind Eltern gegen Kinder angetreten und haben einen Sieger gesucht. Aus dem Lostopf wurden jeweils Mannschaften mit 5 Teilnehmern gezogen. Diese mussten 13 verschiedene Spielstationen durchlaufen. Die Punkte wurden notiert und am Ende die Siegermannschaft ermittelt. Au\u00dferdem haben wir zwei Handballspiele Eltern gegen Kinder ausgetragen (wobei die Kinder einmal gewonnen und einmal unentschieden gespielt haben) und die beiden Kindermannschaften spielten dann gegen die Trainer.<\/span><\/span><\/p>\n<p><span style=\"font-family: Arial,sans-serif;\"><span style=\"font-size: small;\">Am Ende des Tages wurde der Grill eingeheizt und gegessen und getrunken. Es kam von den Eltern und den Kindern die R\u00fcckmeldung, dass es allen Spa\u00df gemacht hat.<\/span><\/span><\/p>\n<p><span style=\"font-family: Arial,sans-serif;\"><span style=\"font-size: small;\">Wir starten jetzt in die Ferien und w\u00fcnschen allen eine sch\u00f6ne Urlaubszeit. Das erste Training findet am Mittwoch den 16.09.2015 statt.<\/span><\/span><\/p>\n<p><span style=\"font-family: Arial,sans-serif;\"><span style=\"font-size: small;\">Da wir immer wieder neue Kinder brauchen, w\u00fcrden wir uns sehr freuen nach den Sommerferien auch neue Gesichter bei uns begr\u00fc\u00dfen zu d\u00fcrfen.<\/span><\/span><\/p>\n<p><span style=\"font-family: Arial,sans-serif;\"><span style=\"font-size: small;\">Trainingszeiten: Mittwoch von 17:15 bis 18:15 Uhr in der Halle am Europakanal. <\/span><\/span><\/p>\n<p><span style=\"font-family: Arial,sans-serif;\"><span style=\"font-size: small;\">Alter Minis: Jahrgang 2007 und j\u00fcnger<\/span><\/span><\/p>\n<p><span style=\"font-family: Arial,sans-serif;\"><span style=\"font-size: small;\">Alter E-Jugend: ab 2006 und \u00e4lter<\/span><\/span><\/p>\n","protected":false},"excerpt":{"rendered":"<p>Nachdem seit Ende April bei den Handballerkindern nicht mehr viel l\u00e4uft, d.h. es finden keine Turniere mehr statt, gibt es auch sportlich nichts zu berichten. Wir sind flei\u00dfig am trainieren, was bei den Temperaturen der letzten Zeit nicht immer angenehm &hellip; <a href=\"https:\/\/www.djk-erlangen.de\/handball\/?p=1384\">Weiterlesen <span class=\"meta-nav\">&rarr;<\/span><\/a><\/p>\n","protected":false},"author":4,"featured_media":0,"comment_status":"closed","ping_status":"closed","sticky":false,"template":"","format":"standard","meta":{"footnotes":""},"categories":[9],"tags":[],"class_list":["post-1384","post","type-post","status-publish","format-standard","hentry","category-minis"],"_links":{"self":[{"href":"https:\/\/www.djk-erlangen.de\/handball\/index.php?rest_route=\/wp\/v2\/posts\/1384","targetHints":{"allow":["GET"]}}],"collection":[{"href":"https:\/\/www.djk-erlangen.de\/handball\/index.php?rest_route=\/wp\/v2\/posts"}],"about":[{"href":"https:\/\/www.djk-erlangen.de\/handball\/index.php?rest_route=\/wp\/v2\/types\/post"}],"author":[{"embeddable":true,"href":"https:\/\/www.djk-erlangen.de\/handball\/index.php?rest_route=\/wp\/v2\/users\/4"}],"replies":[{"embeddable":true,"href":"https:\/\/www.djk-erlangen.de\/handball\/index.php?rest_route=%2Fwp%2Fv2%2Fcomments&post=1384"}],"version-history":[{"count":1,"href":"https:\/\/www.djk-erlangen.de\/handball\/index.php?rest_route=\/wp\/v2\/posts\/1384\/revisions"}],"predecessor-version":[{"id":1385,"href":"https:\/\/www.djk-erlangen.de\/handball\/index.php?rest_route=\/wp\/v2\/posts\/1384\/revisions\/1385"}],"wp:attachment":[{"href":"https:\/\/www.djk-erlangen.de\/handball\/index.php?rest_route=%2Fwp%2Fv2%2Fmedia&parent=1384"}],"wp:term":[{"taxonomy":"category","embeddable":true,"href":"https:\/\/www.djk-erlangen.de\/handball\/index.php?rest_route=%2Fwp%2Fv2%2Fcategories&post=1384"},{"taxonomy":"post_tag","embeddable":true,"href":"https:\/\/www.djk-erlangen.de\/handball\/index.php?rest_route=%2Fwp%2Fv2%2Ftags&post=1384"}],"curies":[{"name":"wp","href":"https:\/\/api.w.org\/{rel}","templated":true}]}}