{"id":1382,"date":"2015-09-09T23:52:59","date_gmt":"2015-09-09T21:52:59","guid":{"rendered":"http:\/\/www.djk-erlangen.de\/handball\/?p=1382"},"modified":"2015-09-24T11:52:06","modified_gmt":"2015-09-24T09:52:06","slug":"mannschaftsbericht-e-jugend-september-2015","status":"publish","type":"post","link":"https:\/\/www.djk-erlangen.de\/handball\/?p=1382","title":{"rendered":"Mannschaftsbericht E-Jugend September 2015"},"content":{"rendered":"<p><span style=\"font-family: Arial,sans-serif;\"><span style=\"font-size: small;\">Auch jetzt wieder ein fr\u00f6hliches Hallo \uf04a<\/span><\/span><\/p>\n<p><span style=\"font-family: Arial,sans-serif;\"><span style=\"font-size: small;\">Schon wieder ist eine Saison rum und die Sommerferien stehen vor der T\u00fcr. Wie jedes Jahr bleibt die Halle f\u00fcr die Kleinen \u00fcber die 6 Wochen geschlossen, damit sich die Kinder von uns Trainern erholen k\u00f6nnen. Was ist denn seit dem letzten Bericht so alles passiert\u2026<\/span><\/span><\/p>\n<p><span style=\"font-family: Arial,sans-serif;\"><span style=\"font-size: small;\">Hm\u2026 wir haben dieses Jahr die Kinder bereits nach den Pfingstferien in ihre neue Mannschaften verteilt, damit sie mehr Zeit haben sich gegenseitig einzuspielen. Altersbedingt gab es hier in der E- und D-Jugend einige \u00c4nderungen. Die E-Jugend ist auf insgesamt 10 Kinder geschrumpft und die D-Jungend um ca. 10 Kinder gewachsen. Hier zu erfahrt ihr aber mehr im D-Jugendbericht (hoff ich doch\u2026 Christian, lass mich nicht h\u00e4ngen\u2026. ;-))<\/span><\/span><\/p>\n<p><span style=\"font-family: Arial,sans-serif;\"><span style=\"font-size: small;\">Das Training ist soweit immer vollz\u00e4hlig besucht und die Kids strengen sich auch immer an. Sehr freudig wurde die Info vernommen, dass das in der letzten Saison eingef\u00fchrte 2&#215;3:3 Spielsystem wieder abgeschafft worden ist. F\u00fcr kleine Verwirrungen sorgt dagegen, dass es keinen 7-m mehr gibt, sondern einen Penalty.<\/span><\/span><\/p>\n<p><span style=\"font-family: Arial,sans-serif;\"><span style=\"font-size: small;\">Ein Highlight war wie immer unser Saisonabschluss mit den Kindern. Nur dieses Jahr mussten auch die Eltern zeigen was sie drauf haben. Ich verrate hier mal nicht zu viel, da die anderen bestimmt noch was dazu schreiben.<\/span><\/span><\/p>\n<p><span style=\"font-family: Arial,sans-serif;\"><span style=\"font-size: small;\">Vielen Dank an alle Helfer, Eltern und die, die sonst auch immer da sind.<\/span><\/span><\/p>\n<p><span style=\"font-family: Arial,sans-serif;\"><span style=\"font-size: small;\">Die E-Jungend Trainer<\/span><\/span><\/p>\n","protected":false},"excerpt":{"rendered":"<p>Auch jetzt wieder ein fr\u00f6hliches Hallo \uf04a Schon wieder ist eine Saison rum und die Sommerferien stehen vor der T\u00fcr. Wie jedes Jahr bleibt die Halle f\u00fcr die Kleinen \u00fcber die 6 Wochen geschlossen, damit sich die Kinder von uns &hellip; <a href=\"https:\/\/www.djk-erlangen.de\/handball\/?p=1382\">Weiterlesen <span class=\"meta-nav\">&rarr;<\/span><\/a><\/p>\n","protected":false},"author":4,"featured_media":0,"comment_status":"closed","ping_status":"closed","sticky":false,"template":"","format":"standard","meta":{"footnotes":""},"categories":[11],"tags":[],"class_list":["post-1382","post","type-post","status-publish","format-standard","hentry","category-e-jugend"],"_links":{"self":[{"href":"https:\/\/www.djk-erlangen.de\/handball\/index.php?rest_route=\/wp\/v2\/posts\/1382","targetHints":{"allow":["GET"]}}],"collection":[{"href":"https:\/\/www.djk-erlangen.de\/handball\/index.php?rest_route=\/wp\/v2\/posts"}],"about":[{"href":"https:\/\/www.djk-erlangen.de\/handball\/index.php?rest_route=\/wp\/v2\/types\/post"}],"author":[{"embeddable":true,"href":"https:\/\/www.djk-erlangen.de\/handball\/index.php?rest_route=\/wp\/v2\/users\/4"}],"replies":[{"embeddable":true,"href":"https:\/\/www.djk-erlangen.de\/handball\/index.php?rest_route=%2Fwp%2Fv2%2Fcomments&post=1382"}],"version-history":[{"count":1,"href":"https:\/\/www.djk-erlangen.de\/handball\/index.php?rest_route=\/wp\/v2\/posts\/1382\/revisions"}],"predecessor-version":[{"id":1383,"href":"https:\/\/www.djk-erlangen.de\/handball\/index.php?rest_route=\/wp\/v2\/posts\/1382\/revisions\/1383"}],"wp:attachment":[{"href":"https:\/\/www.djk-erlangen.de\/handball\/index.php?rest_route=%2Fwp%2Fv2%2Fmedia&parent=1382"}],"wp:term":[{"taxonomy":"category","embeddable":true,"href":"https:\/\/www.djk-erlangen.de\/handball\/index.php?rest_route=%2Fwp%2Fv2%2Fcategories&post=1382"},{"taxonomy":"post_tag","embeddable":true,"href":"https:\/\/www.djk-erlangen.de\/handball\/index.php?rest_route=%2Fwp%2Fv2%2Ftags&post=1382"}],"curies":[{"name":"wp","href":"https:\/\/api.w.org\/{rel}","templated":true}]}}