{"id":1380,"date":"2015-09-09T23:49:44","date_gmt":"2015-09-09T21:49:44","guid":{"rendered":"http:\/\/www.djk-erlangen.de\/handball\/?p=1380"},"modified":"2015-09-24T11:50:55","modified_gmt":"2015-09-24T09:50:55","slug":"mannschaftsbericht-d-jugend-september-2015","status":"publish","type":"post","link":"https:\/\/www.djk-erlangen.de\/handball\/?p=1380","title":{"rendered":"Mannschaftsbericht D-Jugend September 2015"},"content":{"rendered":"<p><span style=\"font-family: Arial,sans-serif;\"><span style=\"font-size: small;\">Hallo liebe Handballfreunde.<\/span><\/span><\/p>\n<p><span style=\"font-family: Arial,sans-serif;\"><span style=\"font-size: small;\">Wie jedes Jahr kommt dieser Bericht zu einer ung\u00fcnstigen Zeit, n\u00e4mlich den Sommerferien.<\/span><\/span><\/p>\n<p><span style=\"font-family: Arial,sans-serif;\"><span style=\"font-size: small;\">Und wie diejenigen, die unser Vereinsheft regelm\u00e4\u00dfig in die Hand nehmen mittlerweile mitbekommen haben, ist unsere Handballsaison im Fr\u00fchjahr vorbei. Also gibt es meist nicht viel zu berichten. Normalerweise w\u00fcrde jetzt eine grobe Zusammenfassung der letzten Saison folgen, aber leider war unsere D-Jugend zu Beginn der Spielzeit 2014\/15 so stark unterbesetzt, dass wir Trainer sie nicht f\u00fcr den Turnierbetrieb gemeldet hatten.<\/span><\/span><\/p>\n<p><span style=\"font-family: Arial,sans-serif;\"><span style=\"font-size: small;\">Zum Gl\u00fcck hat sich das zum Jahreswechsel ge\u00e4ndert. Nach den Weihnachtsferien haben unsere langj\u00e4hrigen Mitglieder kr\u00e4ftig Werbung in ihren Schulen gemacht. Und tats\u00e4chlich haben wir einen nennenswerten Schub an neuen, Handballbegeisterten Kindern bekommen, von denen auch der gr\u00f6\u00dfte Teil bei uns geblieben ist.<\/span><\/span><\/p>\n<p><span style=\"font-family: Arial,sans-serif;\"><span style=\"font-size: small;\">Dazu kommt der \u00fcbliche Zuwachs aus der E-Jugend. Unser Nachwuchs wird halt auch \u00e4lter, und dann m\u00fcssen\/d\u00fcrfen sie in der n\u00e4chsth\u00f6heren Altersklasse weiter machen. Damit haben wir mittlerweile einen guten Kader bei uns im Training, und wenn genug motivierte Teilnehmer im Training da sind k\u00f6nnen wir Trainer uns wahrlich nicht beklagen. Die Teilnahme in den Trainingseinheiten kann sich n\u00e4mlich sehen lassen, jede Woche sind fast alle fast p\u00fcnktlich in der ASG-Halle. Und auch die wirklich hei\u00dfen Sommertage haben das Engagement im Training nicht geschm\u00e4lert. <\/span><\/span><\/p>\n<p><span style=\"font-family: Arial,sans-serif;\"><span style=\"font-size: small;\">Ansonsten haben wir die Zeit nach der Saison aber auch nicht verschwendet. Neben den regelm\u00e4\u00dfigen Trainingseinheiten haben wir unser erstes Trainingsspiel als D-Jugend bestritten. Daf\u00fcr waren wir zu Gast bei dem SC Eltersdorf, den wir vermutlich n\u00e4chste Saison auch im regul\u00e4ren Spielbetrieb wiedersehen werden. Unsere Sch\u00fctzlinge haben sich bei ihrer ersten Feuertaufe als D-Jugend sehr gut geschlagen und unterlagen am Ende nur knapp den erfahrenen Spielern des Gegners. Aber die wichtigsten Ziele wurden erreicht: sie haben gesehen wie Spiele in der D-Jugend geschlagen werden, und wir Trainer haben gemerkt welche Bereiche noch Arbeit ben\u00f6tigen. Und Spa\u00df hat es gemacht.<\/span><\/span><\/p>\n<p><span style=\"font-family: Arial,sans-serif;\"><span style=\"font-size: small;\">Im Juli hatten wir auch noch unsere allj\u00e4hrliche Jugendfreizeit, \u00fcbergreifend mit unseren Minis und der E-Jugend. Dieses Jahr stand sie unter dem Motto \u201eEltern-Kind-Olympiade\u201c. Alle Teilnehmer hatten einen sch\u00f6nen Nachmittag, und ausnahmsweise sind wir trotz anderer Voraussagen mal fast trocken heim gekommen.<\/span><\/span><\/p>\n<p><span style=\"font-family: Arial,sans-serif;\"><span style=\"font-size: small;\">Jetzt sind unsere Kinder erst mal in die Sommerpause entlassen, und die Pause haben sie verdient (und die Trainer auch). Nach den Sommerferien geht das Training weiter, jeden Donnerstag von 17:15 bis 18:45 Uhr in der Halle des Albert-Schweitzer-Gymnasium.<\/span><\/span><\/p>\n<p><span style=\"font-family: Arial,sans-serif;\"><span style=\"font-size: small;\">Wir freuen uns auf die kommende Saison, endlich auch mal wieder mit einer m\u00e4nnlichen D-Jugend der DJK Erlangen. <\/span><\/span><\/p>\n<p><span style=\"font-family: Arial,sans-serif;\"><span style=\"font-size: small;\">Die Trainer.<\/span><\/span><\/p>\n","protected":false},"excerpt":{"rendered":"<p>Hallo liebe Handballfreunde. Wie jedes Jahr kommt dieser Bericht zu einer ung\u00fcnstigen Zeit, n\u00e4mlich den Sommerferien. Und wie diejenigen, die unser Vereinsheft regelm\u00e4\u00dfig in die Hand nehmen mittlerweile mitbekommen haben, ist unsere Handballsaison im Fr\u00fchjahr vorbei. Also gibt es meist &hellip; <a href=\"https:\/\/www.djk-erlangen.de\/handball\/?p=1380\">Weiterlesen <span class=\"meta-nav\">&rarr;<\/span><\/a><\/p>\n","protected":false},"author":4,"featured_media":0,"comment_status":"closed","ping_status":"closed","sticky":false,"template":"","format":"standard","meta":{"footnotes":""},"categories":[12],"tags":[],"class_list":["post-1380","post","type-post","status-publish","format-standard","hentry","category-d-jugend"],"_links":{"self":[{"href":"https:\/\/www.djk-erlangen.de\/handball\/index.php?rest_route=\/wp\/v2\/posts\/1380","targetHints":{"allow":["GET"]}}],"collection":[{"href":"https:\/\/www.djk-erlangen.de\/handball\/index.php?rest_route=\/wp\/v2\/posts"}],"about":[{"href":"https:\/\/www.djk-erlangen.de\/handball\/index.php?rest_route=\/wp\/v2\/types\/post"}],"author":[{"embeddable":true,"href":"https:\/\/www.djk-erlangen.de\/handball\/index.php?rest_route=\/wp\/v2\/users\/4"}],"replies":[{"embeddable":true,"href":"https:\/\/www.djk-erlangen.de\/handball\/index.php?rest_route=%2Fwp%2Fv2%2Fcomments&post=1380"}],"version-history":[{"count":1,"href":"https:\/\/www.djk-erlangen.de\/handball\/index.php?rest_route=\/wp\/v2\/posts\/1380\/revisions"}],"predecessor-version":[{"id":1381,"href":"https:\/\/www.djk-erlangen.de\/handball\/index.php?rest_route=\/wp\/v2\/posts\/1380\/revisions\/1381"}],"wp:attachment":[{"href":"https:\/\/www.djk-erlangen.de\/handball\/index.php?rest_route=%2Fwp%2Fv2%2Fmedia&parent=1380"}],"wp:term":[{"taxonomy":"category","embeddable":true,"href":"https:\/\/www.djk-erlangen.de\/handball\/index.php?rest_route=%2Fwp%2Fv2%2Fcategories&post=1380"},{"taxonomy":"post_tag","embeddable":true,"href":"https:\/\/www.djk-erlangen.de\/handball\/index.php?rest_route=%2Fwp%2Fv2%2Ftags&post=1380"}],"curies":[{"name":"wp","href":"https:\/\/api.w.org\/{rel}","templated":true}]}}