{"id":1374,"date":"2015-09-09T22:46:27","date_gmt":"2015-09-09T20:46:27","guid":{"rendered":"http:\/\/www.djk-erlangen.de\/handball\/?p=1374"},"modified":"2015-09-24T11:47:17","modified_gmt":"2015-09-24T09:47:17","slug":"trainerbericht-maenner-september-2015","status":"publish","type":"post","link":"https:\/\/www.djk-erlangen.de\/handball\/?p=1374","title":{"rendered":"Trainerbericht M\u00e4nner September 2015"},"content":{"rendered":"<p><span style=\"font-family: Arial,sans-serif;\"><span style=\"font-size: small;\">Hallo Handballfreunde,<\/span><\/span><\/p>\n<p><span style=\"font-family: Arial,sans-serif;\"><span style=\"font-size: small;\">nun ist es wieder einmal geschafft und es ist Zeit ein Res\u00fcmee auf die vergangene Spielsaison zu ziehen.<\/span><\/span><\/p>\n<p><span style=\"font-family: Arial,sans-serif;\"><span style=\"font-size: small;\">Ich m\u00f6chte nicht auf die gewonnenen bzw. verlorenen Punkte, geworfenen Tore, gehaltene Siebenmeter und was sonst noch interessant f\u00fcr den Tabellenplatz w\u00e4re eingehen, sondern nur sagen, dass wir unseren Tabellenplatz verteidigt haben, nicht abgestiegen sind und vor der dritten Mannschaft der HSG Siemens\/Niederlindach platziert waren. Von den Mannschaften, die Punkte erobern wollten, haben wir den letzten Platz verteidigt. \u00dcber die gesamte Saison gesehen waren unsere Siege meistens moralische Siege.<\/span><\/span><\/p>\n<p><span style=\"font-family: Arial,sans-serif;\"><span style=\"font-size: small;\">Obwohl uns alle Mannschaften von der Spielanlage theoretisch gelegen haben sollten, konnten wir unseren im Training gewonnenen Elan leider nicht auf Spielfeld bringen. <\/span><\/span><\/p>\n<p><span style=\"font-family: Arial,sans-serif;\"><span style=\"font-size: small;\">Nach Torverh\u00e4ltnis h\u00e4tten wir den sechsten Tabellenplatz verdient gehabt aber es z\u00e4hlen leider nur die gewonnene Spiele, und diese waren leider etwas rar.<\/span><\/span><\/p>\n<p><span style=\"font-family: Arial,sans-serif;\"><span style=\"font-size: small;\">In der Mannschaft liegt das Potential f\u00fcr einen Aufstieg in die n\u00e4chst h\u00f6here Spielklasse, leider konnte es nicht immer abgerufen bzw. \u00fcber 60 min aufs Parkett gebracht werden.<\/span><\/span><\/p>\n<p><span style=\"font-family: Arial,sans-serif;\"><span style=\"font-size: small;\">Vom Verletzungspech blieb die Mannschaft weitestgehend verschont und so konnte man<\/span><\/span><\/p>\n<p><span style=\"font-family: Arial,sans-serif;\"><span style=\"font-size: small;\">fast die gesamte Spielzeit mit der gleichen Mannschaft spielen. <\/span><\/span><\/p>\n<p><span style=\"font-family: Arial,sans-serif;\"><span style=\"font-size: small;\">Unsere moralischen Siege trugen dazu bei, dass im Training weiterhin mit Begeisterung die Spielz\u00fcge, Laufwege und f\u00fcr den Gegner verwirrenden Ballstafetten einstudiert wurden. Dieses Erlernte versuchte man dann immer wieder in den Spielen zur Anwendung zu bringen.<\/span><\/span><\/p>\n<p><span style=\"font-family: Arial,sans-serif;\"><span style=\"font-size: small;\">Wenn die Mannschaft es schafft, die im Training erbrachten Leistungen auch auf die Punktspiele zu \u00fcbertragen besteht die M\u00f6glichkeit eines Aufstiegs in der n\u00e4chsten Spielperiode. <\/span><\/span><\/p>\n<p><span style=\"font-family: Arial,sans-serif;\"><span style=\"font-size: small;\">Das positive an der vergangenen Saison war, dass die Mannschaft sich als Mannschaft sieht und trotz aller unerfreulichen Spielergebnisse bzw. Verletzungen oder<\/span><\/span><\/p>\n<p><span style=\"font-family: Arial,sans-serif;\"><span style=\"font-size: small;\">nicht gen\u00fcgend Spieler der Spa\u00df am Handballspiel erhalten geblieben ist.<\/span><\/span><\/p>\n<p><span style=\"font-family: Arial,sans-serif;\"><span style=\"font-size: small;\">Nach der Saison ist vor der Saison und da wird alles anders. Aus diesem Grund haben wir uns Verst\u00e4rkung geholt indem wir eine Spielgemeinschaft mit der Baiersdorfer Mannschaft gebildet haben.<\/span><\/span><\/p>\n<p><span style=\"font-family: Arial,sans-serif;\"><span style=\"font-size: small;\">Jetzt wird in der neuen Saison alles anders, hoffen wir. Damit der Ehrgeiz etwas steigt, die Konkurrenz belebt wird und die Hoffnung, nun doch mal in der oberen Tabellenh\u00e4lfte einen Platz zu erringen, bleibt. Jedenfalls wird auch in der neuen Saison wird wieder die dritte Mannschaft der HSG Siemens\/Niederlindach mit von der Partie sein und den letzten Platz belegen (sie spielt AK).<\/span><\/span><\/p>\n<p><span style=\"font-family: Arial,sans-serif;\"><span style=\"font-size: small;\">Leider sind auch Abg\u00e4nge zu verzeichnen. So musste unserer Trainer, Felix, aus privaten Gr\u00fcnden den Job aufgeben.<\/span><\/span><\/p>\n<p><span style=\"font-family: Arial,sans-serif;\"><span style=\"font-size: small;\">Danke f\u00fcr die Zeit und M\u00fche die Du geopfert hast, damit die Mannschaft das Spiel mit dem Ball weiter verinnerlicht.<\/span><\/span><\/p>\n<p><span style=\"font-family: Arial,sans-serif;\"><span style=\"font-size: small;\">Auf diesem Weg ein gro\u00dfes Dankesch\u00f6n.<\/span><\/span><\/p>\n<p><span style=\"font-family: Arial,sans-serif;\"><span style=\"font-size: small;\">Das Training \u00fcbernahm von da an Vanusch und Jo und alle Mitspieler folgten auch ihren Anweisungen im Training.<\/span><\/span><\/p>\n<p><span style=\"font-family: Arial,sans-serif;\"><span style=\"font-size: small;\">Auch einige Spieler die schon lange dem DJK-Handball fr\u00f6nen sind aus beruflichen Gr\u00fcnden leider nicht mehr dabei. Jo der unbedingt auf politisch neutralen Boden<\/span><\/span><\/p>\n<p><span style=\"font-family: Arial,sans-serif;\"><span style=\"font-size: small;\">eine Arbeit finden musste und Marcel, den es auch in die Ferne zog, unsren Dank f\u00fcr die vergangene Zeit, Tsch\u00fcss, und alles Gute f\u00fcr euch.<\/span><\/span><\/p>\n<p><span style=\"font-family: Arial,sans-serif;\"><span style=\"font-size: small;\">Damit ist die Saison 2014\/15 vorbei und es gibt wieder einen neuen Anlauf mit neuem Trainer, alten Betreuern und diesmal mit zwei Mannschaften der Spielgemeinschaft<\/span><\/span><\/p>\n<p><span style=\"font-family: Arial,sans-serif;\"><span style=\"font-size: small;\">DJK\/Baiersdorf. Nat\u00fcrlich mit h\u00f6heren Zielen als sonst, aber immer noch mit dem entsprechenden Spa\u00df an der Sache Handball.<\/span><\/span><\/p>\n<p><span style=\"font-family: Arial,sans-serif;\"><span style=\"font-size: small;\">Bis zur n\u00e4chsten Saison,<\/span><\/span><\/p>\n<p><span style=\"font-family: Arial,sans-serif;\"><span style=\"font-size: small;\">Euer Spielbetreuer<\/span><\/span><\/p>\n","protected":false},"excerpt":{"rendered":"<p>Hallo Handballfreunde, nun ist es wieder einmal geschafft und es ist Zeit ein Res\u00fcmee auf die vergangene Spielsaison zu ziehen. Ich m\u00f6chte nicht auf die gewonnenen bzw. verlorenen Punkte, geworfenen Tore, gehaltene Siebenmeter und was sonst noch interessant f\u00fcr den &hellip; <a href=\"https:\/\/www.djk-erlangen.de\/handball\/?p=1374\">Weiterlesen <span class=\"meta-nav\">&rarr;<\/span><\/a><\/p>\n","protected":false},"author":4,"featured_media":0,"comment_status":"closed","ping_status":"closed","sticky":false,"template":"","format":"standard","meta":{"footnotes":""},"categories":[4],"tags":[],"class_list":["post-1374","post","type-post","status-publish","format-standard","hentry","category-herren"],"_links":{"self":[{"href":"https:\/\/www.djk-erlangen.de\/handball\/index.php?rest_route=\/wp\/v2\/posts\/1374","targetHints":{"allow":["GET"]}}],"collection":[{"href":"https:\/\/www.djk-erlangen.de\/handball\/index.php?rest_route=\/wp\/v2\/posts"}],"about":[{"href":"https:\/\/www.djk-erlangen.de\/handball\/index.php?rest_route=\/wp\/v2\/types\/post"}],"author":[{"embeddable":true,"href":"https:\/\/www.djk-erlangen.de\/handball\/index.php?rest_route=\/wp\/v2\/users\/4"}],"replies":[{"embeddable":true,"href":"https:\/\/www.djk-erlangen.de\/handball\/index.php?rest_route=%2Fwp%2Fv2%2Fcomments&post=1374"}],"version-history":[{"count":1,"href":"https:\/\/www.djk-erlangen.de\/handball\/index.php?rest_route=\/wp\/v2\/posts\/1374\/revisions"}],"predecessor-version":[{"id":1375,"href":"https:\/\/www.djk-erlangen.de\/handball\/index.php?rest_route=\/wp\/v2\/posts\/1374\/revisions\/1375"}],"wp:attachment":[{"href":"https:\/\/www.djk-erlangen.de\/handball\/index.php?rest_route=%2Fwp%2Fv2%2Fmedia&parent=1374"}],"wp:term":[{"taxonomy":"category","embeddable":true,"href":"https:\/\/www.djk-erlangen.de\/handball\/index.php?rest_route=%2Fwp%2Fv2%2Fcategories&post=1374"},{"taxonomy":"post_tag","embeddable":true,"href":"https:\/\/www.djk-erlangen.de\/handball\/index.php?rest_route=%2Fwp%2Fv2%2Ftags&post=1374"}],"curies":[{"name":"wp","href":"https:\/\/api.w.org\/{rel}","templated":true}]}}