{"id":1372,"date":"2015-09-09T22:43:58","date_gmt":"2015-09-09T20:43:58","guid":{"rendered":"http:\/\/www.djk-erlangen.de\/handball\/?p=1372"},"modified":"2015-09-24T11:46:16","modified_gmt":"2015-09-24T09:46:16","slug":"mannschaftsbericht-maenner-september-2015","status":"publish","type":"post","link":"https:\/\/www.djk-erlangen.de\/handball\/?p=1372","title":{"rendered":"Mannschaftsbericht M\u00e4nner September 2015"},"content":{"rendered":"<p><span style=\"font-family: Arial,sans-serif;\"><span style=\"font-size: small;\">Nach vielen \u00e4hnlichen Berichten und einem immer recht \u00e4hnlichem Verlauf unserer Saison in den letzten Jahren gibt es dieses Mal tats\u00e4chlich bedeutende Ver\u00e4nderungen bei unseren M\u00e4nnern und in unserer Handballabteilung. Den unsere Damen und M\u00e4nner sind eine Spielgemeinschaft mit dem Baiersdorfer SV eingegangen.<\/span><\/span><\/p>\n<p><span style=\"font-family: Arial,sans-serif;\"><span style=\"font-size: small;\">Aber dazu sp\u00e4ter mehr. Erst einmal ein kleiner R\u00fcckblick auf die vergangene Saison 2014\/15, als wir noch \u201enur\u201c die DJK waren.<\/span><\/span><\/p>\n<p><span style=\"font-family: Arial,sans-serif;\"><span style=\"font-size: small;\">Nun, dieser R\u00fcckblick kann eigentlich kurz gehalten werden: schlecht! Oder besser: sehr schlecht! <\/span><\/span><\/p>\n<p><span style=\"font-family: Arial,sans-serif;\"><span style=\"font-size: small;\">Wir haben es seit Jahren das erste Mal wieder geschafft auf den letzten Platz der Liga zu kommen. Und das, obwohl wir wirklich einen guten Kader zusammen hatten. Und in vielen Spielen haben wir wirklich starke Phasen gehabt, und auch den starken Gegnern keinen leichten Sieg geschenkt. Nur leider hat es am Ende viel zu selten zu einem Erfolg gereicht. Die Konstanz hat einfach gefehlt und in fast jedem Spiel gab es Momente, in denen wir dem Gegner einfach den Ball geschenkt haben. Damit kann man auf Dauer einfach keinen Erfolg haben, und das ist Schade, denn wir wissen, das wir es eigentlich k\u00f6nnen. <\/span><\/span><\/p>\n<p><span style=\"font-family: Arial,sans-serif;\"><span style=\"font-size: small;\">Aber egal, die Saison ist vorbei, wir haben unser Schlechtestes gegeben. Jetzt wird das abgehackt. Blicken wir nach vorne, denn n\u00e4chste Saison wird alles anders (na, kennt den Spruch noch jemand?)!<\/span><\/span><\/p>\n<p><span style=\"font-family: Arial,sans-serif;\"><span style=\"font-size: small;\">In den letzten Jahren hatten wir das Gl\u00fcck, dass unsere Mannschaft zum gr\u00f6\u00dften Teil gleich geblieben ist. Diesen Vorteil konnten wir freilich nicht in unseren Punkten verbuchen, aber f\u00fcr den Zusammenhalt und den Spa\u00df an der Sache war es super.<\/span><\/span><\/p>\n<p><span style=\"font-family: Arial,sans-serif;\"><span style=\"font-size: small;\">Im n\u00e4chsten Spieljahr \u00e4ndert sich das, bzw. hat es sich bereits ge\u00e4ndert. Wir haben zwar nur wenige Abg\u00e4nge, aber daf\u00fcr massenhaft neue Mitspieler.<\/span><\/span><\/p>\n<p><span style=\"font-family: Arial,sans-serif;\"><span style=\"font-size: small;\">Denn im M\u00e4rz dieses Jahres sind unsere Herren eine Spielgemeinschaft mit den Baiersdorfern eingegangen. Und damit hat sich der verf\u00fcgbare Kader quasi \u00fcber Nacht verdoppelt.<\/span><\/span><\/p>\n<p><span style=\"font-family: Arial,sans-serif;\"><span style=\"font-size: small;\">Das Training mit den Kollegen aus Baiersdorf ist bisher gut angelaufen. Wir sind alle f\u00fcr eine zus\u00e4tzliche Trainingseinheit in einer Halle und f\u00fcr genug Leute im Training dankbar. Und bisher wurde das \u201eh\u00e4rtere\u201c Programm und die neuen Trainer von allen Spielern gut an- und aufgenommen. In den Sommerferien war leider die Baiersdorfer Halle geschlossen, aber wir hatten ja unsere Eurohalle zur Verf\u00fcgung. Und die Au\u00dfenanlagen des BSV bieten zum Gl\u00fcck genug M\u00f6glichkeiten f\u00fcr die Trainer, ihre Spieler zu qu\u00e4len.<\/span><\/span><\/p>\n<p><span style=\"font-family: Arial,sans-serif;\"><span style=\"font-size: small;\">Wie sieht also der Ausblick auf die n\u00e4chste Saison aus? <\/span><\/span><\/p>\n<p><span style=\"font-family: Arial,sans-serif;\"><span style=\"font-size: small;\">Bisher ist die Motivation der Mannschaften absolut positiv. Und ja, ich sagte Mannschaften, denn Dank unserer Spielgemeinschaft mit Baiersdorf haben wir seit langem mal wieder den Luxus, in der kommenden Spielzeit zwei M\u00e4nner Mannschaften ins Rennen zu schicken. Und das auch noch in zwei verschiedenen Gruppen. Denn die erste Mannschaft unserer SG DJK Erlangen-Baiersdorf tritt wie bisher in der Kreisklasse West des Bezirks Ostbayern an, unsere zweite Mannschaft allerdings wird in der Kreisklasse Mitte spielen. Das bedeutet zwar l\u00e4ngere Fahrwege, aber wenigstens k\u00f6nnen wir so die Tabelle nicht zu unseren Gunsten beeinflussen, wie es in den letzten Jahren ja durchaus mal vorgekommen sein soll (ob das f\u00fcr uns so positiv ist sei mal dahin gestellt).<\/span><\/span><\/p>\n<p><span style=\"font-family: Arial,sans-serif;\"><span style=\"font-size: small;\">Beide Mannschaften verf\u00fcgen \u00fcber genug Spieler, um die (hoffentlich ausbleibenden) Ausf\u00e4lle einer Saison zu kompensieren. Und wir haben einfach Lust, zu spielen. Unabh\u00e4ngig von der Gruppe oder der Nummer der Mannschaft. Das wird eine tolle Saison!<\/span><\/span><\/p>\n<p><span style=\"font-family: Arial,sans-serif;\"><span style=\"font-size: small;\">Eingef\u00fchrt haben wir unsere neue SG bereits auf gr\u00f6\u00dferen Rasenturnieren in Karlsberg und Oberviechtach, und das mit jeder Menge Spa\u00df. Dazu haben wir mehrere kleine Turniere besucht, meist mit mehreren Sportarten. Und das mit Spa\u00df und auch einem gewissen Erfolg. <\/span><\/span><\/p>\n<p><span style=\"font-family: Arial,sans-serif;\"><span style=\"font-size: small;\">Abgesehen von dem sportlichen Zusammenhalt haben wir unsere neue Gemeinschaft schon ordentlich auf die (Party-)Probe gestellt, sei es am Berg, auf dem Baiersdorfer Jubil\u00e4um oder auch mal ohne Grund. Was soll man sagen, wir passen einfach zueinander.<\/span><\/span><\/p>\n<p><span style=\"font-family: Arial,sans-serif;\"><span style=\"font-size: small;\">Wir verabschieden uns von unserem R\u00fcckraumbomber Marcel, der leider beschlossen hat, sein berufliches Gl\u00fcck woanders zu finden. Dasselbe gilt f\u00fcr unser langj\u00e4hriges Mitglied und Herz unseres Haufen, Jo, den es in die Schweiz gezogen hat (was auch immer er da will). Aber er hat uns angek\u00fcndigt sich bei einigen Spielen wieder mit aufs Feld zu begeben, also ist er noch nicht ganz verloren.<\/span><\/span><\/p>\n<p><span style=\"font-family: Arial,sans-serif;\"><span style=\"font-size: small;\">Ein gro\u00dfes Danke geht an unseren ehemaligen Trainer, Felix, der leider sein Amt im Laufe der letzten Saison niederlegen musste. Aber auch wenn er uns nicht mehr trainiert, er bleibt immer noch Teil unserer Mannschaft und l\u00e4sst sich gerne mal bei uns blicken.<\/span><\/span><\/p>\n<p><span style=\"font-family: Arial,sans-serif;\"><span style=\"font-size: small;\">Ein Willkommen zur\u00fcck dagegen geht an unseren ehemaligen, Pascal. Nachdem er sich ein paar Jahre in h\u00f6heren Ligen herum getrieben hat ist er f\u00fcr die n\u00e4chste Saison wieder bei uns dabei.<\/span><\/span><\/p>\n<p><span style=\"font-family: Arial,sans-serif;\"><span style=\"font-size: small;\">Ebenso ein Hallo an Markus, der den Trainerposten der ersten Mannschaft \u00fcbernimmt. Er hat sich Jahre lang in verschiedenen Mannschaften versucht (und das recht erfolgreich), aber letztendlich ist er DJKler geblieben. <\/span><\/span><\/p>\n<p><span style=\"font-family: Arial,sans-serif;\"><span style=\"font-size: small;\">Letztendlich haben wir also Markus als Trainer f\u00fcr die erste Mannschaft und unseren ehemaligen Spieler Carsten als Coach der zweiten Mannschaft. Dazu unser Urgestein Udo als Mannschaftsbetreuer und eine Menge motivierter Spieler aus Baiersdorf und Erlangen. <\/span><\/span><\/p>\n<p><span style=\"font-family: Arial,sans-serif;\"><span style=\"font-size: small;\">Dazu kommt die Brauerei Weller, die uns unsere schicken, neuen Trikots gesponsort hat und uns im Laufe der Saison auch weiter zur Seite stehen will.<\/span><\/span><\/p>\n<p><span style=\"font-family: Arial,sans-serif;\"><span style=\"font-size: small;\">Die n\u00e4chste Saison kann also kommen und wir freuen uns drauf.<\/span><\/span><\/p>\n<p><span style=\"font-family: Arial,sans-serif;\"><span style=\"font-size: small;\">Wie jedes Jahr.<\/span><\/span><\/p>\n","protected":false},"excerpt":{"rendered":"<p>Nach vielen \u00e4hnlichen Berichten und einem immer recht \u00e4hnlichem Verlauf unserer Saison in den letzten Jahren gibt es dieses Mal tats\u00e4chlich bedeutende Ver\u00e4nderungen bei unseren M\u00e4nnern und in unserer Handballabteilung. Den unsere Damen und M\u00e4nner sind eine Spielgemeinschaft mit dem &hellip; <a href=\"https:\/\/www.djk-erlangen.de\/handball\/?p=1372\">Weiterlesen <span class=\"meta-nav\">&rarr;<\/span><\/a><\/p>\n","protected":false},"author":4,"featured_media":0,"comment_status":"closed","ping_status":"closed","sticky":false,"template":"","format":"standard","meta":{"footnotes":""},"categories":[4],"tags":[],"class_list":["post-1372","post","type-post","status-publish","format-standard","hentry","category-herren"],"_links":{"self":[{"href":"https:\/\/www.djk-erlangen.de\/handball\/index.php?rest_route=\/wp\/v2\/posts\/1372","targetHints":{"allow":["GET"]}}],"collection":[{"href":"https:\/\/www.djk-erlangen.de\/handball\/index.php?rest_route=\/wp\/v2\/posts"}],"about":[{"href":"https:\/\/www.djk-erlangen.de\/handball\/index.php?rest_route=\/wp\/v2\/types\/post"}],"author":[{"embeddable":true,"href":"https:\/\/www.djk-erlangen.de\/handball\/index.php?rest_route=\/wp\/v2\/users\/4"}],"replies":[{"embeddable":true,"href":"https:\/\/www.djk-erlangen.de\/handball\/index.php?rest_route=%2Fwp%2Fv2%2Fcomments&post=1372"}],"version-history":[{"count":1,"href":"https:\/\/www.djk-erlangen.de\/handball\/index.php?rest_route=\/wp\/v2\/posts\/1372\/revisions"}],"predecessor-version":[{"id":1373,"href":"https:\/\/www.djk-erlangen.de\/handball\/index.php?rest_route=\/wp\/v2\/posts\/1372\/revisions\/1373"}],"wp:attachment":[{"href":"https:\/\/www.djk-erlangen.de\/handball\/index.php?rest_route=%2Fwp%2Fv2%2Fmedia&parent=1372"}],"wp:term":[{"taxonomy":"category","embeddable":true,"href":"https:\/\/www.djk-erlangen.de\/handball\/index.php?rest_route=%2Fwp%2Fv2%2Fcategories&post=1372"},{"taxonomy":"post_tag","embeddable":true,"href":"https:\/\/www.djk-erlangen.de\/handball\/index.php?rest_route=%2Fwp%2Fv2%2Ftags&post=1372"}],"curies":[{"name":"wp","href":"https:\/\/api.w.org\/{rel}","templated":true}]}}