{"id":1161,"date":"2014-10-07T20:49:22","date_gmt":"2014-10-07T18:49:22","guid":{"rendered":"http:\/\/www.djk-erlangen.de\/handball\/?p=1161"},"modified":"2014-10-12T20:52:12","modified_gmt":"2014-10-12T18:52:12","slug":"e-jugend-turnier-in-forchheim-am-05-10-2014","status":"publish","type":"post","link":"https:\/\/www.djk-erlangen.de\/handball\/?p=1161","title":{"rendered":"E-Jugend Turnier in Forchheim am 05.10.2014"},"content":{"rendered":"<p class=\"western\"><span style=\"font-family: Arial,sans-serif;\"><span style=\"font-size: small;\">Jetzt hat unsere neue E-Jugend auch endlich ihre &#8222;Feuertaufe&#8220; erhalten. Am Sonntag waren wir zu Gast beim HC Forchheim.<\/span><\/span><\/p>\n<p class=\"western\"><span style=\"font-family: Arial,sans-serif;\"><span style=\"font-size: small;\">Ein guter Teil unserer Kinder haben letztes Jahr noch bei den Minis gespielt. Und damit waren sie bei dem Turnier in Forchheim das allererste Mal gegen andere E-Jugendliche auf das gro\u00dfe Feld aktiv. Das ist ein Moment, auf den wir Trainer immer nur bedingt vorbereiten k\u00f6nnen (eigentlich gar nicht. Das ist der Moment, an dem die meisten merken wir reden im Training nicht nur Unsinn).<\/span><\/span> <span style=\"font-family: Arial,sans-serif;\"><span style=\"font-size: small;\">Der Tag hat gleich gut bekommen, denn die Trainer haben f\u00fcr das erste Turnier dieser Saison gleich mal die Trikots in unserer heimischen Eurohalle vergessen (tut mir leid). Deshalb durfte die DJK mal in ungewohntem Orange antreten. <\/span><\/span><\/p>\n<p class=\"western\"><span style=\"font-family: Arial,sans-serif;\"><span style=\"font-size: small;\">Das erste Spiel gegen eine sehr starke Forchheimer Mannschaft ging auch erwartungsgem\u00e4\u00df verloren. Aber gewinnen oder verlieren ist ja nicht alles. F\u00fcr ihr Deb\u00fct haben sich unsere Kinder gut geschlagen. Gegen diesen Gegner war es leider nutzlos.<\/span><\/span><\/p>\n<p class=\"western\"><span style=\"font-family: Arial,sans-serif;\"><span style=\"font-size: small;\">Das zweite Spiel gegen die HG Eckental lief gleich besser. Vor allem dank der \u201eVeteranen\u201c, die letztes Jahr schon in der E-Jugend gespielt haben, konnten wir am Ende einen knappen Sieg erzielen. Ich denke wir k\u00f6nnen mit unserem ersten Turnier voll und ganz zufrieden sein. Damit freuen wir uns auf das n\u00e4chste Kr\u00e4ftemessen, diesmal in unserer Eurohalle. Wir sind n\u00e4mlich Ausrichter.<\/span><\/span><\/p>\n<p class=\"western\"><span style=\"font-family: Arial,sans-serif;\"><span style=\"font-size: small;\">Zuletzt noch vielen Dank an den HC Forchheim. Es war ein sch\u00f6nes Turnier.<\/span><\/span><\/p>\n","protected":false},"excerpt":{"rendered":"<p>Jetzt hat unsere neue E-Jugend auch endlich ihre &#8222;Feuertaufe&#8220; erhalten. Am Sonntag waren wir zu Gast beim HC Forchheim. Ein guter Teil unserer Kinder haben letztes Jahr noch bei den Minis gespielt. Und damit waren sie bei dem Turnier in &hellip; <a href=\"https:\/\/www.djk-erlangen.de\/handball\/?p=1161\">Weiterlesen <span class=\"meta-nav\">&rarr;<\/span><\/a><\/p>\n","protected":false},"author":4,"featured_media":0,"comment_status":"closed","ping_status":"closed","sticky":false,"template":"","format":"standard","meta":{"footnotes":""},"categories":[11],"tags":[],"class_list":["post-1161","post","type-post","status-publish","format-standard","hentry","category-e-jugend"],"_links":{"self":[{"href":"https:\/\/www.djk-erlangen.de\/handball\/index.php?rest_route=\/wp\/v2\/posts\/1161","targetHints":{"allow":["GET"]}}],"collection":[{"href":"https:\/\/www.djk-erlangen.de\/handball\/index.php?rest_route=\/wp\/v2\/posts"}],"about":[{"href":"https:\/\/www.djk-erlangen.de\/handball\/index.php?rest_route=\/wp\/v2\/types\/post"}],"author":[{"embeddable":true,"href":"https:\/\/www.djk-erlangen.de\/handball\/index.php?rest_route=\/wp\/v2\/users\/4"}],"replies":[{"embeddable":true,"href":"https:\/\/www.djk-erlangen.de\/handball\/index.php?rest_route=%2Fwp%2Fv2%2Fcomments&post=1161"}],"version-history":[{"count":2,"href":"https:\/\/www.djk-erlangen.de\/handball\/index.php?rest_route=\/wp\/v2\/posts\/1161\/revisions"}],"predecessor-version":[{"id":1163,"href":"https:\/\/www.djk-erlangen.de\/handball\/index.php?rest_route=\/wp\/v2\/posts\/1161\/revisions\/1163"}],"wp:attachment":[{"href":"https:\/\/www.djk-erlangen.de\/handball\/index.php?rest_route=%2Fwp%2Fv2%2Fmedia&parent=1161"}],"wp:term":[{"taxonomy":"category","embeddable":true,"href":"https:\/\/www.djk-erlangen.de\/handball\/index.php?rest_route=%2Fwp%2Fv2%2Fcategories&post=1161"},{"taxonomy":"post_tag","embeddable":true,"href":"https:\/\/www.djk-erlangen.de\/handball\/index.php?rest_route=%2Fwp%2Fv2%2Ftags&post=1161"}],"curies":[{"name":"wp","href":"https:\/\/api.w.org\/{rel}","templated":true}]}}