{"id":1129,"date":"2014-09-11T20:43:22","date_gmt":"2014-09-11T18:43:22","guid":{"rendered":"http:\/\/www.djk-erlangen.de\/handball\/?p=1129"},"modified":"2014-09-15T20:44:09","modified_gmt":"2014-09-15T18:44:09","slug":"mannschaftsbericht-minis-september-2014","status":"publish","type":"post","link":"https:\/\/www.djk-erlangen.de\/handball\/?p=1129","title":{"rendered":"Mannschaftsbericht Minis September 2014"},"content":{"rendered":"<p><span style=\"font-family: Arial,sans-serif;\"><span style=\"font-size: small;\">Nachdem unsere Turniersaison im April beendet war gibt es nicht all zu viel von den Mini\u00b4s zu berichten.<\/span><\/span><\/p>\n<p><span style=\"font-family: Arial,sans-serif;\"><span style=\"font-size: small;\">Jetzt wird der gro\u00dfe Wechsel vollzogen. Fast eine komplette Mannschaft kann in die E-Jugend aufr\u00fccken. Das hei\u00dft f\u00fcr uns Trainer es steht ab September wieder sehr viel Arbeit an.<\/span><\/span><\/p>\n<p><span style=\"font-family: Arial,sans-serif;\"><span style=\"font-size: small;\">Ob es der E-Jugend Trainer ist, der die \u201eKleinen\u201c mit den Gro\u00dfen zusammen bringen muss oder auch wir Minitrainer. Wir fangen jetzt eigentlich wieder bei Null an. Die neuen Kinder m\u00fcssen werfen und fangen \u00fcben aber auch spielerisch an den Handballsport herangef\u00fchrt werden. Das ist nicht immer einfach, weil wir teilweise auch sehr kleine Kinder haben mit denen man sich sehr intensiv besch\u00e4ftigen muss. Aber das wird schon klappen.<\/span><\/span><\/p>\n<p><span style=\"font-family: Arial,sans-serif;\"><span style=\"font-size: small;\">Am letzten Schulwochenende haben wir unsere Kinder alle noch einmal zusammen geholt, d.h. D-Jugend, E-Jugend und Mini\u00b4s trafen sich am Samstagnachmittag an unserem Sportgel\u00e4nde und wir haben dort ein Spielfest mit anschlie\u00dfendem Grillen veranstaltet.<\/span><\/span><\/p>\n<p><span style=\"font-family: Arial,sans-serif;\"><span style=\"font-size: small;\">Das war ein sch\u00f6ner Saisonabschlu\u00df und die Kinder konnten sich noch mal so richtig austoben.<\/span><\/span><\/p>\n<p><span style=\"font-family: Arial,sans-serif;\"><span style=\"font-size: small;\">Nun freuen wir uns auf die neue Saison und hoffen dass alle nach Schulbeginn wieder bei uns auftauchen. Nat\u00fcrlich freuen wir uns auch \u00fcber jedes neue Kind, das den Weg zu uns finden und deswegen hier noch mal die Trainingszeiten.<\/span><\/span><\/p>\n<p><span style=\"font-family: Arial,sans-serif;\"><span style=\"font-size: small;\"><b>Minis<\/b><\/span><\/span><\/p>\n<p><span style=\"font-family: Arial,sans-serif;\"><span style=\"font-size: small;\"><b>Mittwoch von 17:15 bis 18:15 in der Halle am Europakanal<\/b><\/span><\/span><\/p>\n<p><span style=\"font-family: Arial,sans-serif;\"><span style=\"font-size: small;\"><b>E-Jugend<\/b><\/span><\/span><\/p>\n<p><span style=\"font-family: Arial,sans-serif;\"><span style=\"font-size: small;\"><b>Mittwoch von 17:15 bis 18:15 in der Halle am Europakanal<\/b><\/span><\/span><\/p>\n<p><span style=\"font-family: Arial,sans-serif;\"><span style=\"font-size: small;\"><b>D-Jugend<\/b><\/span><\/span><\/p>\n<p><span style=\"font-family: Arial,sans-serif;\"><span style=\"font-size: small;\"><b>Donnerstag von 17:15 bis 19:15 in der ASG-Turnhalle.<\/b><\/span><\/span><\/p>\n","protected":false},"excerpt":{"rendered":"<p>Nachdem unsere Turniersaison im April beendet war gibt es nicht all zu viel von den Mini\u00b4s zu berichten. Jetzt wird der gro\u00dfe Wechsel vollzogen. Fast eine komplette Mannschaft kann in die E-Jugend aufr\u00fccken. Das hei\u00dft f\u00fcr uns Trainer es steht &hellip; <a href=\"https:\/\/www.djk-erlangen.de\/handball\/?p=1129\">Weiterlesen <span class=\"meta-nav\">&rarr;<\/span><\/a><\/p>\n","protected":false},"author":4,"featured_media":0,"comment_status":"closed","ping_status":"closed","sticky":false,"template":"","format":"standard","meta":{"footnotes":""},"categories":[9],"tags":[],"class_list":["post-1129","post","type-post","status-publish","format-standard","hentry","category-minis"],"_links":{"self":[{"href":"https:\/\/www.djk-erlangen.de\/handball\/index.php?rest_route=\/wp\/v2\/posts\/1129","targetHints":{"allow":["GET"]}}],"collection":[{"href":"https:\/\/www.djk-erlangen.de\/handball\/index.php?rest_route=\/wp\/v2\/posts"}],"about":[{"href":"https:\/\/www.djk-erlangen.de\/handball\/index.php?rest_route=\/wp\/v2\/types\/post"}],"author":[{"embeddable":true,"href":"https:\/\/www.djk-erlangen.de\/handball\/index.php?rest_route=\/wp\/v2\/users\/4"}],"replies":[{"embeddable":true,"href":"https:\/\/www.djk-erlangen.de\/handball\/index.php?rest_route=%2Fwp%2Fv2%2Fcomments&post=1129"}],"version-history":[{"count":2,"href":"https:\/\/www.djk-erlangen.de\/handball\/index.php?rest_route=\/wp\/v2\/posts\/1129\/revisions"}],"predecessor-version":[{"id":1131,"href":"https:\/\/www.djk-erlangen.de\/handball\/index.php?rest_route=\/wp\/v2\/posts\/1129\/revisions\/1131"}],"wp:attachment":[{"href":"https:\/\/www.djk-erlangen.de\/handball\/index.php?rest_route=%2Fwp%2Fv2%2Fmedia&parent=1129"}],"wp:term":[{"taxonomy":"category","embeddable":true,"href":"https:\/\/www.djk-erlangen.de\/handball\/index.php?rest_route=%2Fwp%2Fv2%2Fcategories&post=1129"},{"taxonomy":"post_tag","embeddable":true,"href":"https:\/\/www.djk-erlangen.de\/handball\/index.php?rest_route=%2Fwp%2Fv2%2Ftags&post=1129"}],"curies":[{"name":"wp","href":"https:\/\/api.w.org\/{rel}","templated":true}]}}