{"id":1085,"date":"2014-09-11T19:09:13","date_gmt":"2014-09-11T17:09:13","guid":{"rendered":"http:\/\/www.djk-erlangen.de\/handball\/?p=1085"},"modified":"2014-09-15T19:18:41","modified_gmt":"2014-09-15T17:18:41","slug":"mannschaftsbericht-maenner-september-2014","status":"publish","type":"post","link":"https:\/\/www.djk-erlangen.de\/handball\/?p=1085","title":{"rendered":"Mannschaftsbericht M\u00e4nner September 2014"},"content":{"rendered":"<p><span style=\"font-family: Arial,sans-serif;\">Endlich wieder, unser Turnier. Und die Saison folgt ihm nach!<\/span><\/p>\n<p><span style=\"font-family: Arial,sans-serif;\">Die Pause ist vorbei, die Schuhe werden poliert, der Ball gewachst und die Fingern\u00e4gel gespitzt. Die neue Saison geht endlich wieder los. Und f\u00fcr uns beginnt die Saison nat\u00fcrlich mit unserem Hauseigenen Turnier, und dass nun zum 41sten mal.<\/span><\/p>\n<p><span style=\"font-family: Arial,sans-serif;\">Aber halt. Zuerst wollen wir mal einen kleinen Blick auf die vergangene Spielzeit werfen.<\/span><\/p>\n<p><span style=\"font-family: Arial,sans-serif;\">Im letzten Bericht wurde sehr \u00fcber die vergangene Saison gemeckert (was vor allem daran lag, dass er kurz nach dem letzten Saisonspiel geschrieben wurde, und das war kein sonderlich gutes Spiel). Das Hauptproblem war, dass wir in den Spielen keine konstante Leistung abrufen konnten, sondern immer innerhalb k\u00fcrzester Zeit von fantastisch zu haneb\u00fcchen gewechselt sind. Und der Hauptgrund war vor allem die in den letzten Jahren andauernd wechselnde Besetzung unseres Kaders, der ein ge\u00fcbtes Zusammenspiel quasi unm\u00f6glich machte. Damit standen wir am Ende der Saison auf einem bescheidenen 7. Platz (wie immer aber: nicht letzter!). Und uns allen war klar: wir k\u00f6nnen es besser. Und vor allem wollen wir es besser!<\/span><\/p>\n<p><span style=\"font-family: Arial,sans-serif;\">Und das \u201eHauptproblem\u201c ist f\u00fcr die kommende Spielzeit auch erst mal behoben. Bis auf einen Abgang bleibt uns unser Kader der letzten Saison erhalten. Au\u00dferdem bekommen wir auch dieses Jahr wieder ein paar neue Gesichter zur Verst\u00e4rkung. Ob es nun spielerisch klappt oder nicht, irgendetwas macht die DJK offensichtlich doch richtig, wenn man bedenkt dass wir vor knapp zwei Jahren nicht mal wussten, ob wir \u00fcberhaupt genug f\u00fcr eine Mannschaft zusammen bekommen. <\/span><\/p>\n<p><span style=\"font-family: Arial,sans-serif;\">Ebenfalls erhalten bleibt uns unser Trainergespann, bestehend aus Felix und Udo, die beide auf eine lange eigene Geschichte mit unserem kleinem aber feinem Verein zur\u00fcckblicken k\u00f6nnen.<\/span><\/p>\n<p><span style=\"font-family: Arial,sans-serif;\">Was aber neu dazu kommt ist ein Mannschaftsgeist, den wir in dieser Form seit Jahren nicht mehr genossen haben. Unsere Jungs verstehen sich nicht nur auf dem Feld, sondern vor allem auch in vielen Bereichen, die nichts mit Handball zu tun haben. So macht das Spa\u00df, so kann es weiter gehen. Und der neu belebte Zusammenhalt macht nicht bei der M\u00e4nnermannschaft halt, sonder erstreckt sich auch auf unsere Damen. Nachdem sie ebenfalls dank mangelnder Mitglieder kurz vor dem Aus standen, wurden dort aggressiv neue M\u00e4dels schanghait und ihre Motivation und Lust am Handball sind wieder in neue H\u00f6hen gestiegen (hui, jetzt wird\u2019s kitschig).<\/span><\/p>\n<p><span style=\"font-family: Arial,sans-serif;\">Das resultierte in gemeinsamen Trainingseinheiten von Damen und M\u00e4nnern so wie in vielen, vielen gemeinsamen Unternehmungen und Feiern. Kurzum, es macht wieder richtig Spa\u00df, Mitglied im DJK zu sein, egal wie am Ende der Saison die sportliche Bilanz aus sieht.<\/span><\/p>\n<p><span style=\"font-family: Arial,sans-serif;\">Die Sommervorbereitung haben wir leider im Freien verbringen m\u00fcssen. Gut, im Sommer drau\u00dfen zu sein ist nun nicht f\u00fcr jeden etwas schlechtes, aber f\u00fcr ein normales Handballtraining ist eine Halle nun mal einfach praktischer. Bedauerlicherweise hat uns ein anderer Verein unsere Stammhalle \u00fcber die Sommerpause abgeluchst (keine Namen! Ihr kommt nie drauf, wer das war). Aber das hat uns nat\u00fcrlich nicht davon abgehalten, uns weiterhin f\u00fcr Spiel, Spa\u00df und Bewegung oder einfach zur Verbesserung des Mannschaftsgeistes zu treffen (interpretiert das, wie ihr wollt). Dazu haben zumindest Teile unseres Kaders auch an Rasenturnieren teilgenommen und dass Joint Venture mit unseren Damen auf den Beachvolleyballpl\u00e4tzen Erlangens trug seinen Teil zu unserer guten Verfassung bei.<\/span><\/p>\n<p><span style=\"font-family: Arial,sans-serif;\">Und nat\u00fcrlich ging jeder einzelne seiner Verantwortung gegen\u00fcber der Mannschaft nach und hat sich individuell auf die n\u00e4chste Saison vorbereitet, an seinen Schw\u00e4chen gefeilt und unsere Spielz\u00fcge so lange wiederholt, dass er sie im Schlaf beherrscht. Was soll also schief gehen? (Diesen Artikel schreibe ich \u00fcbrigens bereits zu Beginn der Sommerferien, aber ich bin mir sicher, dass es genau so ablaufen wird. Mehr oder weniger.)<\/span><\/p>\n<p><span style=\"font-family: Arial,sans-serif;\">Damit kann also die n\u00e4chste Saison los gehen. Und das wird unsere Saison! Das sp\u00fcr ich. Der Kader ist gut, die Moral ist hoch und den Spa\u00df haben wir so wie so immer. Dazu hat uns unser Trainer f\u00fcr einen Aufstieg neue Trikots versprochen. Und die wollen wir! Wer will denn keine Werbung eines Bestattungsunternehmen auf dem Feld tragen? Harharhar.<\/span><\/p>\n<p><span style=\"font-family: Arial,sans-serif;\">Okay, Aufstieg mag etwas \u00fcbertrieben als Saisonziel sein, aber trotzdem stehen alle Zeichen daf\u00fcr, dass wir eine gute Saison hinlegen werden. Und nichts anderes haben wir vor. (Ich bin mal gespannt wie wir diesen Teil des Berichts in einem halben Jahr beurteilen werden.)<\/span><\/p>\n<p><span style=\"font-family: Arial,sans-serif;\">Wie bereits gesagt haben wir wieder ein paar Neuzug\u00e4nge. Ganz besonders freue ich mich aber \u00fcber die R\u00fcckkehr eines unserer Urgesteine (zumindest aus meiner Generation). Er hat seit den Minis bei uns gespielt, und bevor er zwecks Arbeit ins Ausland musste (namentlich Frankfurt a.M.) war er unser Jugendreferent und in unserem Vorstand aktiv. Jetzt, nach sieben langen Jahren, kehrt er wieder nach Erlangen und zur DJK zur\u00fcck. Willkommen in der Heimat, C. Beck! Sch\u00f6n, dass du wieder dabei bist.<\/span><\/p>\n<p><span style=\"font-family: Arial,sans-serif;\">Zuletzt noch ein obligatorisches (aber unverzichtbares!) Dankesch\u00f6n an alle, die uns immer helfen und unterst\u00fctzen. Ihr reist euch hinter den Kulissen den Ar*** f\u00fcr unseren Verein auf, Ihr seit das ganze Jahr f\u00fcr uns da, wenn wir Hilfe brauchen, Ihr schaut Euch auch unsere schlechtesten Leistungen an und ohne Euch w\u00e4ren wir schlicht und einfach hilflos! Danke! (Wenn ihr euch jetzt angesprochen f\u00fchlt, seid ihr sehr wahrscheinlich auch gemeint.)<\/span><\/p>\n<p><span style=\"font-family: Arial,sans-serif;\">Damit w\u00fcnschen wir euch allen eine sch\u00f6ne, erfolgreiche und m\u00f6glichst verletzungsfreie Saison. Und denkt immer dran: \u201eHandball macht Spa\u00df!\u201c<\/span><\/p>\n","protected":false},"excerpt":{"rendered":"<p>Endlich wieder, unser Turnier. Und die Saison folgt ihm nach! Die Pause ist vorbei, die Schuhe werden poliert, der Ball gewachst und die Fingern\u00e4gel gespitzt. Die neue Saison geht endlich wieder los. Und f\u00fcr uns beginnt die Saison nat\u00fcrlich mit &hellip; <a href=\"https:\/\/www.djk-erlangen.de\/handball\/?p=1085\">Weiterlesen <span class=\"meta-nav\">&rarr;<\/span><\/a><\/p>\n","protected":false},"author":4,"featured_media":0,"comment_status":"closed","ping_status":"closed","sticky":false,"template":"","format":"standard","meta":{"footnotes":""},"categories":[4],"tags":[],"class_list":["post-1085","post","type-post","status-publish","format-standard","hentry","category-herren"],"_links":{"self":[{"href":"https:\/\/www.djk-erlangen.de\/handball\/index.php?rest_route=\/wp\/v2\/posts\/1085","targetHints":{"allow":["GET"]}}],"collection":[{"href":"https:\/\/www.djk-erlangen.de\/handball\/index.php?rest_route=\/wp\/v2\/posts"}],"about":[{"href":"https:\/\/www.djk-erlangen.de\/handball\/index.php?rest_route=\/wp\/v2\/types\/post"}],"author":[{"embeddable":true,"href":"https:\/\/www.djk-erlangen.de\/handball\/index.php?rest_route=\/wp\/v2\/users\/4"}],"replies":[{"embeddable":true,"href":"https:\/\/www.djk-erlangen.de\/handball\/index.php?rest_route=%2Fwp%2Fv2%2Fcomments&post=1085"}],"version-history":[{"count":1,"href":"https:\/\/www.djk-erlangen.de\/handball\/index.php?rest_route=\/wp\/v2\/posts\/1085\/revisions"}],"predecessor-version":[{"id":1086,"href":"https:\/\/www.djk-erlangen.de\/handball\/index.php?rest_route=\/wp\/v2\/posts\/1085\/revisions\/1086"}],"wp:attachment":[{"href":"https:\/\/www.djk-erlangen.de\/handball\/index.php?rest_route=%2Fwp%2Fv2%2Fmedia&parent=1085"}],"wp:term":[{"taxonomy":"category","embeddable":true,"href":"https:\/\/www.djk-erlangen.de\/handball\/index.php?rest_route=%2Fwp%2Fv2%2Fcategories&post=1085"},{"taxonomy":"post_tag","embeddable":true,"href":"https:\/\/www.djk-erlangen.de\/handball\/index.php?rest_route=%2Fwp%2Fv2%2Ftags&post=1085"}],"curies":[{"name":"wp","href":"https:\/\/api.w.org\/{rel}","templated":true}]}}