{"id":9808,"date":"2012-12-14T13:59:14","date_gmt":"2012-12-14T12:59:14","guid":{"rendered":"http:\/\/www.djk-erlangen.de\/fussball\/?p=9808"},"modified":"2012-12-16T19:15:35","modified_gmt":"2012-12-16T18:15:35","slug":"g-jugend-weihnachtsfeier","status":"publish","type":"post","link":"https:\/\/www.djk-erlangen.de\/fussball\/?p=9808","title":{"rendered":"G-Jugend Weihnachtsfeier"},"content":{"rendered":"<p>Hallo liebe Eltern\u00a0und Kinder!<\/p>\n<p>Am Dienstag, den 18.12.2012 wollen wir unsere Weihnachtsfeier im gro\u00dfen Saal der DJK feiern.<br \/>\nEs sind alle Familien der G-Jugend herzlichst eingeladen.<\/p>\n<p>Beginn ist um 17:00 Uhr.<\/p>\n<p>Liebe Gr\u00fc\u00dfe von Gerhard u. Thomas<\/p>\n<p>&nbsp;<\/p>\n","protected":false},"excerpt":{"rendered":"<p>Hallo liebe Eltern\u00a0und Kinder! Am Dienstag, den 18.12.2012 wollen wir unsere Weihnachtsfeier im gro\u00dfen Saal der DJK feiern. Es sind alle Familien der G-Jugend herzlichst eingeladen. Beginn ist um 17:00 Uhr. Liebe Gr\u00fc\u00dfe von Gerhard u. Thomas &nbsp;<\/p>\n","protected":false},"author":26,"featured_media":0,"comment_status":"open","ping_status":"closed","sticky":false,"template":"","format":"standard","meta":{"jetpack_post_was_ever_published":false,"_jetpack_newsletter_access":"","_jetpack_dont_email_post_to_subs":false,"_jetpack_newsletter_tier_id":0,"_jetpack_memberships_contains_paywalled_content":false,"_jetpack_memberships_contains_paid_content":false,"footnotes":"","jetpack_publicize_message":"","jetpack_publicize_feature_enabled":true,"jetpack_social_post_already_shared":false,"jetpack_social_options":{"image_generator_settings":{"template":"highway","default_image_id":0,"font":"","enabled":false},"version":2}},"categories":[14],"tags":[],"class_list":["post-9808","post","type-post","status-publish","format-standard","hentry","category-u7"],"jetpack_publicize_connections":[],"jetpack_featured_media_url":"","jetpack_shortlink":"https:\/\/wp.me\/p2ZUr0-2yc","jetpack_sharing_enabled":true,"_links":{"self":[{"href":"https:\/\/www.djk-erlangen.de\/fussball\/index.php?rest_route=\/wp\/v2\/posts\/9808","targetHints":{"allow":["GET"]}}],"collection":[{"href":"https:\/\/www.djk-erlangen.de\/fussball\/index.php?rest_route=\/wp\/v2\/posts"}],"about":[{"href":"https:\/\/www.djk-erlangen.de\/fussball\/index.php?rest_route=\/wp\/v2\/types\/post"}],"author":[{"embeddable":true,"href":"https:\/\/www.djk-erlangen.de\/fussball\/index.php?rest_route=\/wp\/v2\/users\/26"}],"replies":[{"embeddable":true,"href":"https:\/\/www.djk-erlangen.de\/fussball\/index.php?rest_route=%2Fwp%2Fv2%2Fcomments&post=9808"}],"version-history":[{"count":4,"href":"https:\/\/www.djk-erlangen.de\/fussball\/index.php?rest_route=\/wp\/v2\/posts\/9808\/revisions"}],"predecessor-version":[{"id":9814,"href":"https:\/\/www.djk-erlangen.de\/fussball\/index.php?rest_route=\/wp\/v2\/posts\/9808\/revisions\/9814"}],"wp:attachment":[{"href":"https:\/\/www.djk-erlangen.de\/fussball\/index.php?rest_route=%2Fwp%2Fv2%2Fmedia&parent=9808"}],"wp:term":[{"taxonomy":"category","embeddable":true,"href":"https:\/\/www.djk-erlangen.de\/fussball\/index.php?rest_route=%2Fwp%2Fv2%2Fcategories&post=9808"},{"taxonomy":"post_tag","embeddable":true,"href":"https:\/\/www.djk-erlangen.de\/fussball\/index.php?rest_route=%2Fwp%2Fv2%2Ftags&post=9808"}],"curies":[{"name":"wp","href":"https:\/\/api.w.org\/{rel}","templated":true}]}}