{"id":9756,"date":"2012-11-24T20:54:57","date_gmt":"2012-11-24T19:54:57","guid":{"rendered":"http:\/\/www.djk-erlangen.de\/fussball\/?p=9756"},"modified":"2012-11-24T20:54:57","modified_gmt":"2012-11-24T19:54:57","slug":"vorweihnachtliche-geschenke-beim-budenzauber","status":"publish","type":"post","link":"https:\/\/www.djk-erlangen.de\/fussball\/?p=9756","title":{"rendered":"vorweihnachtliche Geschenke beim Budenzauber"},"content":{"rendered":"<p>Die zweite Vorrunde der E1 bei der\u00a0 diesj\u00e4hrigen Hallenkreismeisterschaft f\u00fchrte uns zur besten Bundesligazeit nicht in den Ronhof sondern in die Aischgrundhalle nach Adelsdorf.<\/p>\n<p><!--more--><\/p>\n<p>Die akribische Arbeit w\u00e4hrend der Trainingszeiten in der Halle sollten sich auszahlen. So wurden die Fehler aus der 1 Vorrunde in Gr\u00e4fenberg angesprochen und analysiert um nicht gleich wieder ins offene Messer der anderen Mannschaften zu rennen.<\/p>\n<p>Zum Auftakt trafen wir auf den TSV Kirchehrenbach. Ganz schnell sorgten wir daf\u00fcr da\u00df es am Sieger keinen Zweifel gab. Vielmehr mu\u00dfte unser Torh\u00fcter durch den Trainer bei Laune gehalten werden, da dieser \u00fcberhaupt nicht gepr\u00fcft wurde. Somit gingen die ersten 3 Punkte nach 9 Minuten locker auf unser Konto. Das zweite Spiel bescherte uns unseren mittlerweile schon allgegenw\u00e4rtigen Angstgegner, den TSV aus R\u00f6ttenbach. Hochmotiviert gingen wir in die Begegnung um sich f\u00fcr die peinlichen Niederlagen in der Punkterunde und zum Auftakt in der Halle zu revanchieren. Sp\u00e4testens bei diesem Spiel sollte sich der Schachzug des Trainers auszahlen und der TSV hatte heute nicht den Hauch einer Chance gegen uns. Nicht nur durch die zur\u00fcck erhaltene Qualit\u00e4tsverbesserung im Team, sondern vielmehr durch eine absolut geschlossene Mannschaftsleistung wurden die R\u00f6ttenbacher durch eine disziplinierte Spielweise der Wiesenwegbuben in Schach gehalten und im Spiel nach vorne machten wir heute die Buden. Nach einer stets hart umk\u00e4mpften Partie gingen wir diesmal als verdienter 2:1 Sieger vom Parkett.<\/p>\n<p>Die n\u00e4chste Begegnung bescherte uns die bis dato \u00fcberraschend gut auftretenden Burker. Aber auch hier lie\u00dfen wir nichts anbrennen und fuhren ebenfalls mit einem 2:1 Sieg den n\u00e4chsten Dreier ein. Somit waren wir zu diesem Zeitpunkt des Turniers als Gruppenerster nicht mehr zu verdr\u00e4ngen.<\/p>\n<p>F\u00fcr die bl\u00fctenreine Weste konnten jetzt die Jungs vom Wiesengrund noch selber sorgen und zwar beim letzten Spiel gegen unsere Freunde aus He\u00dfdorf. Die Euphorie aus den letzten Begegnungen wurde mit in diese Partie genommen und letztendlich auch dieses Spiel verdient gewonnen. Somit hatte man zum Turnierschlu\u00df was erreicht, was es in dieser Form seit es diese Truppe gibt noch nie gegeben hat. 4 Spiele, 4 Siege! Somit volle Punktzahl aus der 2. Vorrunde der HKM. Somit liegt man nach 2 Vorrunden mit 18 von 24 m\u00f6glichen Punkten absolut im Soll und kann die n\u00e4chste Runde am 26.01.13 welche entscheidend sein wird f\u00fcr die Qualifikation relativ gelassen angehen. Aber nach dem heutigen Hallenauftritt m\u00fcssen wir niemanden f\u00fcrchten und der Trainer ist um eine Erkenntnis reicher, alles richtig gemacht zu haben. Auch die Verbesserung in der Qualit\u00e4t und nicht in der Quantit\u00e4t d\u00fcrfte niemanden unserer zahlreichen Fans vor Ort verborgen geblieben sein. Somit haben sich die Jungs selber ein vorweihnachtliches Geschenk beim Budenzauber gemacht.<\/p>\n<p>Bravo Jungs!! Das war heute schon teilweise eine Augenweide Euch zuschauen zu d\u00fcrfen. Ihr seit eine super Truppe!<\/p>\n<p>DJK Aufgebot:<br \/>\nLuis; Daniel; Oliver; Lorenz; Konstantin; Benedikt; Ben, Arijan; Mike<\/p>\n<p>Tore:<br \/>\nMike (6); Arijan (1), Ben (1), Benedikt (1)<\/p>\n","protected":false},"excerpt":{"rendered":"<p>Die zweite Vorrunde der E1 bei der\u00a0 diesj\u00e4hrigen Hallenkreismeisterschaft f\u00fchrte uns zur besten Bundesligazeit nicht in den Ronhof sondern in die Aischgrundhalle nach Adelsdorf.<\/p>\n","protected":false},"author":32,"featured_media":0,"comment_status":"open","ping_status":"closed","sticky":false,"template":"","format":"standard","meta":{"jetpack_post_was_ever_published":false,"_jetpack_newsletter_access":"","_jetpack_dont_email_post_to_subs":false,"_jetpack_newsletter_tier_id":0,"_jetpack_memberships_contains_paywalled_content":false,"_jetpack_memberships_contains_paid_content":false,"footnotes":"","jetpack_publicize_message":"","jetpack_publicize_feature_enabled":true,"jetpack_social_post_already_shared":false,"jetpack_social_options":{"image_generator_settings":{"template":"highway","default_image_id":0,"font":"","enabled":false},"version":2}},"categories":[8],"tags":[],"class_list":["post-9756","post","type-post","status-publish","format-standard","hentry","category-u11-e1"],"jetpack_publicize_connections":[],"jetpack_featured_media_url":"","jetpack_shortlink":"https:\/\/wp.me\/p2ZUr0-2xm","jetpack_sharing_enabled":true,"_links":{"self":[{"href":"https:\/\/www.djk-erlangen.de\/fussball\/index.php?rest_route=\/wp\/v2\/posts\/9756","targetHints":{"allow":["GET"]}}],"collection":[{"href":"https:\/\/www.djk-erlangen.de\/fussball\/index.php?rest_route=\/wp\/v2\/posts"}],"about":[{"href":"https:\/\/www.djk-erlangen.de\/fussball\/index.php?rest_route=\/wp\/v2\/types\/post"}],"author":[{"embeddable":true,"href":"https:\/\/www.djk-erlangen.de\/fussball\/index.php?rest_route=\/wp\/v2\/users\/32"}],"replies":[{"embeddable":true,"href":"https:\/\/www.djk-erlangen.de\/fussball\/index.php?rest_route=%2Fwp%2Fv2%2Fcomments&post=9756"}],"version-history":[{"count":2,"href":"https:\/\/www.djk-erlangen.de\/fussball\/index.php?rest_route=\/wp\/v2\/posts\/9756\/revisions"}],"predecessor-version":[{"id":9760,"href":"https:\/\/www.djk-erlangen.de\/fussball\/index.php?rest_route=\/wp\/v2\/posts\/9756\/revisions\/9760"}],"wp:attachment":[{"href":"https:\/\/www.djk-erlangen.de\/fussball\/index.php?rest_route=%2Fwp%2Fv2%2Fmedia&parent=9756"}],"wp:term":[{"taxonomy":"category","embeddable":true,"href":"https:\/\/www.djk-erlangen.de\/fussball\/index.php?rest_route=%2Fwp%2Fv2%2Fcategories&post=9756"},{"taxonomy":"post_tag","embeddable":true,"href":"https:\/\/www.djk-erlangen.de\/fussball\/index.php?rest_route=%2Fwp%2Fv2%2Ftags&post=9756"}],"curies":[{"name":"wp","href":"https:\/\/api.w.org\/{rel}","templated":true}]}}