{"id":9683,"date":"2012-10-27T22:17:08","date_gmt":"2012-10-27T20:17:08","guid":{"rendered":"http:\/\/www.djk-erlangen.de\/fussball\/?p=9683"},"modified":"2012-10-28T10:32:34","modified_gmt":"2012-10-28T09:32:34","slug":"saisonabschlus-der-e2-mit-fahlem-beigeschmack","status":"publish","type":"post","link":"https:\/\/www.djk-erlangen.de\/fussball\/?p=9683","title":{"rendered":"Saisonabschlu\u00df der E2 mit fahlem Beigeschmack"},"content":{"rendered":"<p>Gestern Abend bei nassem\u00a0und k\u00fchlem Wetter hatte die E2 Kicker ihr letztes Saisonspiel gegen den BSC. Nachdem auch die G\u00e4ste, nat\u00fcrlich\u00a0mit einigen E1\u00a0Spielern im Aufgebot, angekommen waren, erlebten wir eine Premiere. Der Co Trainer verma\u00df das abgesteckte Spielfeld und justierte noch etwas nach. Nun konnte es doch noch vor Einbruch der Dunkelheit\u00a0losgehen.<!--more--><\/p>\n<p>Das Spiel begann \u00e4u\u00dferst ungl\u00fccklich f\u00fcr uns. Nach einem Angriff des BSC in der 1. Minute flog der Ball in unseren BSC freien Strafraum. Ermals Kopfball ging buchst\u00e4blich nach hinten los, ins lange Eck unhaltbar f\u00fcr Koray. Aber unsere Jungs kamen in alter Schwedenmanier druckvoll zur\u00fcck. So war es Manu, der in der 5. Minute zum 1:1 ausglich. Es entwickelte sich eine spannende Partie, in der unsere Jungs immer besser wurden. Etwas \u00fcberraschend ging der BSC dann in der 15. Minute erneut in F\u00fchrung. Es wurde zwar einiges versucht, aber keine Einschu\u00dfm\u00f6glichkeit konnte bis zur Pause mehr genutzt werden.<\/p>\n<p>Hei\u00df darauf das Spiel zu drehen, tauchten unsere Jungs \u00fcberp\u00fcnktlich aus der Kabine wieder auf dem nassen Gr\u00fcn auf. Nun k\u00e4mpften unsere &#8222;gr\u00fcnen Schweden&#8220; vorbildlich und kamen nach sch\u00f6ner Einzelleistung von Ari in der 35. Minute wiederholt zum verdienten Ausgleich.\u00a0Das\u00a0Spiel wendete sich langsam zu unseren Gunsten, doch wenige Minuten sp\u00e4ter geschah das Unfa\u00dfbare. Ein zu lang gespielter Pa\u00df wurde vorbildlich von unserem Keeper im Zusammenspiel mit unserer Defensivabteilung gekl\u00e4rt, der zu sp\u00e4t kommende BSC Angreifer st\u00fcrzte sich buchst\u00e4blich in unsere Spieler. Als der Pfiff des \u00fcberforderten und vorwiedend\u00a0parteiischen Schiris erklang, gab es nicht das St\u00fcrmerfoul, nein hier wurde auf einen 8m entschieden. Die Entr\u00fcstung vor allem bei unseren Kickern war sicher bis zum Sandkasten des BSC zu h\u00f6ren. Durch diese krasse Fehlentscheidung war das Spiel zerst\u00f6rt. Es gab keinen Spielflu\u00df mehr, nur noch Einzelaktionen, die aber nicht zum Erfolg f\u00fchrten. Am Ende stand dann ein 2:6 im Spielbericht.<\/p>\n<p>Zu allem \u00dcberflu\u00df gab es noch einige\u00a0verbale Entgleisungen aus dem BSC Lager. Absolut inakzeptabel beim Sport ist so etwas.<\/p>\n<p>&nbsp;<\/p>\n<p>DJK Aufgebot:<\/p>\n<p>Koray, Jojo, Alex, Florian, Lino, Dominik, Rick, Ermal Manu, Arijan<\/p>\n<p>&nbsp;<\/p>\n<p>Tore:<\/p>\n<p>Manu (1), Ari (1)<\/p>\n<p>&nbsp;<\/p>\n<p>&nbsp;<\/p>\n","protected":false},"excerpt":{"rendered":"<p>Gestern Abend bei nassem\u00a0und k\u00fchlem Wetter hatte die E2 Kicker ihr letztes Saisonspiel gegen den BSC. Nachdem auch die G\u00e4ste, nat\u00fcrlich\u00a0mit einigen E1\u00a0Spielern im Aufgebot, angekommen waren, erlebten wir eine Premiere. Der Co Trainer verma\u00df das abgesteckte Spielfeld und justierte &hellip; <a href=\"https:\/\/www.djk-erlangen.de\/fussball\/?p=9683\">Weiterlesen <span class=\"meta-nav\">&rarr;<\/span><\/a><\/p>\n","protected":false},"author":35,"featured_media":0,"comment_status":"open","ping_status":"closed","sticky":false,"template":"","format":"standard","meta":{"jetpack_post_was_ever_published":false,"_jetpack_newsletter_access":"","_jetpack_dont_email_post_to_subs":false,"_jetpack_newsletter_tier_id":0,"_jetpack_memberships_contains_paywalled_content":false,"_jetpack_memberships_contains_paid_content":false,"footnotes":"","jetpack_publicize_message":"","jetpack_publicize_feature_enabled":true,"jetpack_social_post_already_shared":false,"jetpack_social_options":{"image_generator_settings":{"template":"highway","default_image_id":0,"font":"","enabled":false},"version":2}},"categories":[26],"tags":[],"class_list":["post-9683","post","type-post","status-publish","format-standard","hentry","category-u11-e2"],"jetpack_publicize_connections":[],"jetpack_featured_media_url":"","jetpack_shortlink":"https:\/\/wp.me\/p2ZUr0-2wb","jetpack_sharing_enabled":true,"_links":{"self":[{"href":"https:\/\/www.djk-erlangen.de\/fussball\/index.php?rest_route=\/wp\/v2\/posts\/9683","targetHints":{"allow":["GET"]}}],"collection":[{"href":"https:\/\/www.djk-erlangen.de\/fussball\/index.php?rest_route=\/wp\/v2\/posts"}],"about":[{"href":"https:\/\/www.djk-erlangen.de\/fussball\/index.php?rest_route=\/wp\/v2\/types\/post"}],"author":[{"embeddable":true,"href":"https:\/\/www.djk-erlangen.de\/fussball\/index.php?rest_route=\/wp\/v2\/users\/35"}],"replies":[{"embeddable":true,"href":"https:\/\/www.djk-erlangen.de\/fussball\/index.php?rest_route=%2Fwp%2Fv2%2Fcomments&post=9683"}],"version-history":[{"count":9,"href":"https:\/\/www.djk-erlangen.de\/fussball\/index.php?rest_route=\/wp\/v2\/posts\/9683\/revisions"}],"predecessor-version":[{"id":9692,"href":"https:\/\/www.djk-erlangen.de\/fussball\/index.php?rest_route=\/wp\/v2\/posts\/9683\/revisions\/9692"}],"wp:attachment":[{"href":"https:\/\/www.djk-erlangen.de\/fussball\/index.php?rest_route=%2Fwp%2Fv2%2Fmedia&parent=9683"}],"wp:term":[{"taxonomy":"category","embeddable":true,"href":"https:\/\/www.djk-erlangen.de\/fussball\/index.php?rest_route=%2Fwp%2Fv2%2Fcategories&post=9683"},{"taxonomy":"post_tag","embeddable":true,"href":"https:\/\/www.djk-erlangen.de\/fussball\/index.php?rest_route=%2Fwp%2Fv2%2Ftags&post=9683"}],"curies":[{"name":"wp","href":"https:\/\/api.w.org\/{rel}","templated":true}]}}