{"id":9679,"date":"2012-10-27T15:43:15","date_gmt":"2012-10-27T13:43:15","guid":{"rendered":"http:\/\/www.djk-erlangen.de\/fussball\/?p=9679"},"modified":"2012-10-27T15:44:37","modified_gmt":"2012-10-27T13:44:37","slug":"kantersieg-zum-wintereinbruch","status":"publish","type":"post","link":"https:\/\/www.djk-erlangen.de\/fussball\/?p=9679","title":{"rendered":"Kantersieg zum Wintereinbruch"},"content":{"rendered":"<p>Der letzte Spieltag der Herbstrunde bescherte uns heute den SC Adelsdorf im Wiesengrund. Nach der stark verbesserten Leistung vor Wochenfrist sollte auch heute der erkennbare Aufw\u00e4rtstrend fortgesetzt werden.<\/p>\n<p><!--more--><\/p>\n<p>Bei nicht gerade besten \u00e4u\u00dferen Bedingungen legten die Wiesenwegbuben los wie die Feuerwehr und gingen binnen 10 Minuten durch je 2 Treffer von Arijan und unserem Capitano mit 4:0 in F\u00fchrung.<\/p>\n<p>Bis zum Pausentee ging das muntere Scheibenschie\u00dfen gegen einen v\u00f6llig \u00fcberforderten Gast durch 2 weitere Tore von Arijan sowie einem Eigentor und einem Treffer von Lorenz weiter. Mit diesen sicheren 8:0 ging es auch in die Pause. Man h\u00e4tte sogar deutlich h\u00f6her f\u00fchren k\u00f6nnen, aber durch kleinere Konzentrationsschw\u00e4chen wurde das gegnerische Geh\u00e4use mehrmals verfehlt.<\/p>\n<p>In der Halbzeitpause wurde unser bis dato besch\u00e4ftigungsloser Torh\u00fcter erl\u00f6st und tauschte die Trikotage mit Tim.<\/p>\n<p>Nach dem Wiederanpfiff erh\u00f6hte prompt Konstantin auf 9:0 und der Wiederstand der G\u00e4ste war somit g\u00e4nzlich gebrochen. Die Torsch\u00fctzenliste der Wiesenwegkanoniere erh\u00f6hte sich nun fast im Minutentakt. F\u00fcr das 10:0 zeigte sich erneut Lorenz verantwortlich. Das 11:0 erzielte dann unser etatm\u00e4\u00dfiger Torh\u00fcter Luis aus spitzem Winkel. Erneut Konstantin mit dem 12 Treffer machte das Dutzend voll. Luis mit seinem zweiten Treffer erh\u00f6hte gegen wehrlose Adelsdorfer auf 13:0.<\/p>\n<p>Irgendwie war der Torhunger an diesem na\u00dfkalten Samstag mittag immer noch nicht gestillt und Kanonier Daniel feuerte das Spielger\u00e4t zum 14:0 in die Maschen. Ein weiterer Doppelschlag durch Arijan sorgte f\u00fcr das 16:0. Den Schlu\u00dfpunkt einer absolut einseitigen Partie setzte unser Capitano Oli. Mit diesem Kantersieg der Wiesenwegkanoniere waren die G\u00e4ste jedoch noch gut bedient. So beendete man die zu Ende gegangene Runde mit einem 4.ten Tabellenplatz und somit wurde auch das minimale Saisonziel erreicht. Bei etwas mehr Konzentration w\u00e4re viel mehr drin gewesen.<\/p>\n<p>DJK Aufgebot<br \/>\nLuis (Tim); Tim (Luis), Daniel, Alex; Oliver; Lorenz; Konstantin; Arijan; Ermal<\/p>\n<p>Tore:<br \/>\nArijan (6); Oliver (3); Konstantin (2); Luis (2); Lorenz (2); Daniel (1) ET (1)<\/p>\n","protected":false},"excerpt":{"rendered":"<p>Der letzte Spieltag der Herbstrunde bescherte uns heute den SC Adelsdorf im Wiesengrund. Nach der stark verbesserten Leistung vor Wochenfrist sollte auch heute der erkennbare Aufw\u00e4rtstrend fortgesetzt werden.<\/p>\n","protected":false},"author":32,"featured_media":0,"comment_status":"open","ping_status":"closed","sticky":false,"template":"","format":"standard","meta":{"jetpack_post_was_ever_published":false,"_jetpack_newsletter_access":"","_jetpack_dont_email_post_to_subs":false,"_jetpack_newsletter_tier_id":0,"_jetpack_memberships_contains_paywalled_content":false,"_jetpack_memberships_contains_paid_content":false,"footnotes":"","jetpack_publicize_message":"","jetpack_publicize_feature_enabled":true,"jetpack_social_post_already_shared":false,"jetpack_social_options":{"image_generator_settings":{"template":"highway","default_image_id":0,"font":"","enabled":false},"version":2}},"categories":[8],"tags":[],"class_list":["post-9679","post","type-post","status-publish","format-standard","hentry","category-u11-e1"],"jetpack_publicize_connections":[],"jetpack_featured_media_url":"","jetpack_shortlink":"https:\/\/wp.me\/p2ZUr0-2w7","jetpack_sharing_enabled":true,"_links":{"self":[{"href":"https:\/\/www.djk-erlangen.de\/fussball\/index.php?rest_route=\/wp\/v2\/posts\/9679","targetHints":{"allow":["GET"]}}],"collection":[{"href":"https:\/\/www.djk-erlangen.de\/fussball\/index.php?rest_route=\/wp\/v2\/posts"}],"about":[{"href":"https:\/\/www.djk-erlangen.de\/fussball\/index.php?rest_route=\/wp\/v2\/types\/post"}],"author":[{"embeddable":true,"href":"https:\/\/www.djk-erlangen.de\/fussball\/index.php?rest_route=\/wp\/v2\/users\/32"}],"replies":[{"embeddable":true,"href":"https:\/\/www.djk-erlangen.de\/fussball\/index.php?rest_route=%2Fwp%2Fv2%2Fcomments&post=9679"}],"version-history":[{"count":3,"href":"https:\/\/www.djk-erlangen.de\/fussball\/index.php?rest_route=\/wp\/v2\/posts\/9679\/revisions"}],"predecessor-version":[{"id":9681,"href":"https:\/\/www.djk-erlangen.de\/fussball\/index.php?rest_route=\/wp\/v2\/posts\/9679\/revisions\/9681"}],"wp:attachment":[{"href":"https:\/\/www.djk-erlangen.de\/fussball\/index.php?rest_route=%2Fwp%2Fv2%2Fmedia&parent=9679"}],"wp:term":[{"taxonomy":"category","embeddable":true,"href":"https:\/\/www.djk-erlangen.de\/fussball\/index.php?rest_route=%2Fwp%2Fv2%2Fcategories&post=9679"},{"taxonomy":"post_tag","embeddable":true,"href":"https:\/\/www.djk-erlangen.de\/fussball\/index.php?rest_route=%2Fwp%2Fv2%2Ftags&post=9679"}],"curies":[{"name":"wp","href":"https:\/\/api.w.org\/{rel}","templated":true}]}}