{"id":9650,"date":"2012-10-20T21:16:39","date_gmt":"2012-10-20T19:16:39","guid":{"rendered":"http:\/\/www.djk-erlangen.de\/fussball\/?p=9650"},"modified":"2012-10-21T10:24:44","modified_gmt":"2012-10-21T08:24:44","slug":"ein-ergebnis-wie-das-wetter-heute-trube","status":"publish","type":"post","link":"https:\/\/www.djk-erlangen.de\/fussball\/?p=9650","title":{"rendered":"Ein Ergebnis wie das Wetter heute, tr\u00fcbe"},"content":{"rendered":"<p>Der DJK Tro\u00df tastete sich heute im Nebel ins entfernte Uehlfeld. Ein Gegner, der in den\u00a0zur\u00fcckliegenden Spielen nicht wirklich einzusch\u00e4tzen war. So erwartete man ein schweres Ausw\u00e4rtsspiel. Als man sich dann in Uehfeld sammelte, folgte\u00a0die Info, da\u00df unser Kapit\u00e4n und Abwehrchef Jojo krankheitsbedingt passen mu\u00dfte.<\/p>\n<p><!--more--><\/p>\n<p>Als das Spiel angepfiffen wurde, gleich eine erste Schrecksekunde. Die Gastgeber legten st\u00fcrmisch los und testeten unsere Defensivabteilung und Keeper. Zu unserem Leidwesen ging es so weiter. 1:0 in der 3. Minute, das 2:0 folgte dann in der 5. Minute gleich hinterher. Doch im Gegensatz zu den letzten Spielen schlugen unsere Jungs zur\u00fcck. Nach einem schnellen Tempovorsto\u00df legte unser Rick musterg\u00fcltig Manu auf, der zum vielumjubelten 2:1 in der 8. Minute einlochte. Doch den Zuschauern wurde keine Atempause geg\u00f6nnt. 3:1 11. Minute, 4:1 14. Minute und dann legten unsere bisherigen Wiesenwegbrasilianer Ihre bisherige Nationalit\u00e4t ab. Von nun am k\u00e4mpften die &#8222;gr\u00fcnen Schweden&#8220; in Nebel von Uehlfeld. 17. Minute 4:2\u00a0Manu, 19. Minute\u00a0 4:3 Florian, 22. Minute 4:4 Manu. Leider fingen wir uns nach einem kapitalen Abwehrfehler noch das 5:4 praktisch mit dem Pausenpfiff.<\/p>\n<p>Die 1. Halbzeit war nichts f\u00fcr schwache Nerven.\u00a0Sorgenkind war und ist leider aktuell unser Defensivverhalten.<\/p>\n<p>\u00dcber die 2. Halbzeit gibt es leider nicht mehr allzuviel von sportlicher Seite zu berichten.\u00a0Eine einladend offene Defensivabteilung erm\u00f6glichte den Gastgebern in der 30. Minute das 6:4, in der 32. Minute das 7:4. Danach wurde nach massiver Schiedsrichterbeleidigung die Partie vom umsichtigen Unparteiischen in der 35. Minute abgebrochen. Nach einigen Diskussionen und dem entfernen der gr\u00f6\u00dften St\u00f6renfriede aus dem Uehlfelder Lager, wurde sich wieder auf das wesentliche konzentriert. Den Fu\u00dfball f\u00fcr unsere Jungs. Die letzten 15 Minuten wurden ohne besondere Highlights zu Ende gespielt. Am Ende stand ein 8:4 in den B\u00fcchern. Man merkte, da\u00df in der 2. H\u00e4lfte doch etwas die Kraft und Konzentration fehlten. Eventuell lag es daran, da\u00df wir nur\u00a0einen Wechselspieler an der Seite hatten, w\u00e4hrend dessen Uehlfeld 5! davon hatte.<\/p>\n<p>&nbsp;<\/p>\n<p>DJK Aufgebot:<\/p>\n<p>Koray, Florian, Ermal, Dominik, Lino, Rick, Alex, Manu<\/p>\n<p>&nbsp;<\/p>\n<p>Tore:<\/p>\n<p>Manu (3), Florian (1)<\/p>\n<p>&nbsp;<\/p>\n","protected":false},"excerpt":{"rendered":"<p>Der DJK Tro\u00df tastete sich heute im Nebel ins entfernte Uehlfeld. Ein Gegner, der in den\u00a0zur\u00fcckliegenden Spielen nicht wirklich einzusch\u00e4tzen war. So erwartete man ein schweres Ausw\u00e4rtsspiel. Als man sich dann in Uehfeld sammelte, folgte\u00a0die Info, da\u00df unser Kapit\u00e4n und &hellip; <a href=\"https:\/\/www.djk-erlangen.de\/fussball\/?p=9650\">Weiterlesen <span class=\"meta-nav\">&rarr;<\/span><\/a><\/p>\n","protected":false},"author":35,"featured_media":0,"comment_status":"open","ping_status":"closed","sticky":false,"template":"","format":"standard","meta":{"jetpack_post_was_ever_published":false,"_jetpack_newsletter_access":"","_jetpack_dont_email_post_to_subs":false,"_jetpack_newsletter_tier_id":0,"_jetpack_memberships_contains_paywalled_content":false,"_jetpack_memberships_contains_paid_content":false,"footnotes":"","jetpack_publicize_message":"","jetpack_publicize_feature_enabled":true,"jetpack_social_post_already_shared":false,"jetpack_social_options":{"image_generator_settings":{"template":"highway","default_image_id":0,"font":"","enabled":false},"version":2}},"categories":[26],"tags":[],"class_list":["post-9650","post","type-post","status-publish","format-standard","hentry","category-u11-e2"],"jetpack_publicize_connections":[],"jetpack_featured_media_url":"","jetpack_shortlink":"https:\/\/wp.me\/p2ZUr0-2vE","jetpack_sharing_enabled":true,"_links":{"self":[{"href":"https:\/\/www.djk-erlangen.de\/fussball\/index.php?rest_route=\/wp\/v2\/posts\/9650","targetHints":{"allow":["GET"]}}],"collection":[{"href":"https:\/\/www.djk-erlangen.de\/fussball\/index.php?rest_route=\/wp\/v2\/posts"}],"about":[{"href":"https:\/\/www.djk-erlangen.de\/fussball\/index.php?rest_route=\/wp\/v2\/types\/post"}],"author":[{"embeddable":true,"href":"https:\/\/www.djk-erlangen.de\/fussball\/index.php?rest_route=\/wp\/v2\/users\/35"}],"replies":[{"embeddable":true,"href":"https:\/\/www.djk-erlangen.de\/fussball\/index.php?rest_route=%2Fwp%2Fv2%2Fcomments&post=9650"}],"version-history":[{"count":5,"href":"https:\/\/www.djk-erlangen.de\/fussball\/index.php?rest_route=\/wp\/v2\/posts\/9650\/revisions"}],"predecessor-version":[{"id":9654,"href":"https:\/\/www.djk-erlangen.de\/fussball\/index.php?rest_route=\/wp\/v2\/posts\/9650\/revisions\/9654"}],"wp:attachment":[{"href":"https:\/\/www.djk-erlangen.de\/fussball\/index.php?rest_route=%2Fwp%2Fv2%2Fmedia&parent=9650"}],"wp:term":[{"taxonomy":"category","embeddable":true,"href":"https:\/\/www.djk-erlangen.de\/fussball\/index.php?rest_route=%2Fwp%2Fv2%2Fcategories&post=9650"},{"taxonomy":"post_tag","embeddable":true,"href":"https:\/\/www.djk-erlangen.de\/fussball\/index.php?rest_route=%2Fwp%2Fv2%2Ftags&post=9650"}],"curies":[{"name":"wp","href":"https:\/\/api.w.org\/{rel}","templated":true}]}}