{"id":9633,"date":"2012-10-20T12:04:14","date_gmt":"2012-10-20T10:04:14","guid":{"rendered":"http:\/\/www.djk-erlangen.de\/fussball\/?p=9633"},"modified":"2012-10-20T12:50:14","modified_gmt":"2012-10-20T10:50:14","slug":"taktische-disziplin-fuhrte-in-die-erfolgsspur-zuruck","status":"publish","type":"post","link":"https:\/\/www.djk-erlangen.de\/fussball\/?p=9633","title":{"rendered":"Taktische Disziplin f\u00fchrte in die Erfolgsspur zur\u00fcck"},"content":{"rendered":"<p>Am Freitag nachmittag f\u00fchrte der Weg der E1 nach Wimmelbach, denn dort tragen die Kicker der SpVgg Hausen ihre Heimspiele aus.<\/p>\n<p><!--more--><\/p>\n<p>Auf dem Wildschwein durchw\u00fchlten und einem Beachvolleyball bzw. einer Wanderd\u00fcne gleichkommenden Kleinfeldplatz sorgt mit Beginn der Begegnung f\u00fcr etwas Verdru\u00df in den Reihen der gr\u00fcn\/wei\u00dfen vom Wiesenweg und so \u00fcberlie\u00df man den Gastgebern in den ersten Spielminuten auch das Geschehen auf dem Platz.\u00a0 Diese gingen dann auch in der 3. Spielminute mit 1:0 in F\u00fchrung.<\/p>\n<p>Dieser R\u00fcckstand wirkte\u00a0 wie befreiend auf die Weichbuben und von nun an zeigte man den Hausenern wer hier Herr im Hause ist. Keine zwei Minuten sp\u00e4ter erk\u00e4mpfte sich Arijan den Ball und pa\u00dfte diesen geschickt auf Ben, so da\u00df dieser zum verdienten Ausgleich einschieben konnte.<\/p>\n<p>Mit zunehmder Spieldauer kam man mit dem ungewohnten Gel\u00e4uf immer besser zurecht und lie\u00df beim Gegner eigentlich nichts mehr zu. Vielmehr wurden wieder zahlreiche Gelegenheiten das Ergebnis in die H\u00f6he zu schrauben nicht genutzt. So dauerte es bis zur 23. Minute ehe Konstantin die zahlreich mitgereisten Fans mit seinem 2:1 F\u00fchrungstreffer erl\u00f6ste.<\/p>\n<p>Mit dieser knappen F\u00fchrung wechselte man auch die Seiten.<\/p>\n<p>Irgendwie mu\u00df in der Halbzeitpause was passiert sein, denn mit Wiederanpfiff pr\u00e4sentierte sich eine v\u00f6llig andere Mannschaft auf dem Platz.<br \/>\nIn Spielminute 28. erk\u00e4mpfte sich unser B\u00fcffel das Spielger\u00e4t in der eigenen H\u00e4lfte und vollstreckte nach einem sch\u00f6nen Alleingang zum 3:1 f\u00fcr die Wiesenwegbuben. Keine Minute sp\u00e4ter hatten wir Freisto\u00df. Diesen zirkelte unser &#8222;Capitano&#8220; musterg\u00fcltig auf\u00b4s lange Eck und erneut unser B\u00fcffel konnte zum Zwischenstand von 4:1 abschlie\u00dfen.<\/p>\n<p>Mit der sicheren F\u00fchrung im R\u00fccken schaltete man nun einen Gang zur\u00fcck und es wurde munter durchgewechselt. In der 37. Spielminute erh\u00f6hten wir dann nach einem Eckball von Arijan durch Lorenz auf 5:1.<\/p>\n<p>Das muntere Spielchen setzte sich fort und f\u00fchrte\u00a0 in der 43. Minute durch Arijan zum 6:1 f\u00fcr die Wiesenwegkanoniere. Seine herausragende Leistung am heutigen Spieltag kr\u00f6nte unser B\u00fcffel in der 48. Minute mit seinem dritten Treffer zum 7:1. F\u00fcr den Schlu\u00dfpunkt einer recht einseitigen Partie sorgte dann erneut Ben, der musterg\u00fcltig durch Arijan bedient wurde und so zum Endstand von 8:1 in der Fremde f\u00fcr die Wiesenwegbuben abschlie\u00dfen konnte.<br \/>\nEs war auch heute wieder deutlich zu erkennen, wenn sich an die Vorgaben des Trainer gehalten wird und jeder diszipliniert seine Position h\u00e4lt, relativ einfach guter und erfolgreicher Fu\u00dfball gespielt werden kann. Am kommenden Wochenende gastiert dann ein weiteres Kellerkind am Wiesenweg, wo zum Abschlu\u00df der Runde der Aufw\u00e4rtstrend best\u00e4tigt werden sollte.<\/p>\n<p>DJK Aufgebot<br \/>\nLuis; Hannes; Daniel; Oliver; Lorenz; Tim; Benedikt; Ben; Arijan; Konstantin<\/p>\n<p>Tore:<br \/>\nBenedikt (3); Ben (2); Arijan (1); Konstantin (1); Lorenz (1)<\/p>\n<p>&nbsp;<\/p>\n<p>&nbsp;<\/p>\n","protected":false},"excerpt":{"rendered":"<p>Am Freitag nachmittag f\u00fchrte der Weg der E1 nach Wimmelbach, denn dort tragen die Kicker der SpVgg Hausen ihre Heimspiele aus.<\/p>\n","protected":false},"author":32,"featured_media":0,"comment_status":"open","ping_status":"closed","sticky":false,"template":"","format":"standard","meta":{"jetpack_post_was_ever_published":false,"_jetpack_newsletter_access":"","_jetpack_dont_email_post_to_subs":false,"_jetpack_newsletter_tier_id":0,"_jetpack_memberships_contains_paywalled_content":false,"_jetpack_memberships_contains_paid_content":false,"footnotes":"","jetpack_publicize_message":"","jetpack_publicize_feature_enabled":true,"jetpack_social_post_already_shared":false,"jetpack_social_options":{"image_generator_settings":{"template":"highway","default_image_id":0,"font":"","enabled":false},"version":2}},"categories":[8],"tags":[],"class_list":["post-9633","post","type-post","status-publish","format-standard","hentry","category-u11-e1"],"jetpack_publicize_connections":[],"jetpack_featured_media_url":"","jetpack_shortlink":"https:\/\/wp.me\/p2ZUr0-2vn","jetpack_sharing_enabled":true,"_links":{"self":[{"href":"https:\/\/www.djk-erlangen.de\/fussball\/index.php?rest_route=\/wp\/v2\/posts\/9633","targetHints":{"allow":["GET"]}}],"collection":[{"href":"https:\/\/www.djk-erlangen.de\/fussball\/index.php?rest_route=\/wp\/v2\/posts"}],"about":[{"href":"https:\/\/www.djk-erlangen.de\/fussball\/index.php?rest_route=\/wp\/v2\/types\/post"}],"author":[{"embeddable":true,"href":"https:\/\/www.djk-erlangen.de\/fussball\/index.php?rest_route=\/wp\/v2\/users\/32"}],"replies":[{"embeddable":true,"href":"https:\/\/www.djk-erlangen.de\/fussball\/index.php?rest_route=%2Fwp%2Fv2%2Fcomments&post=9633"}],"version-history":[{"count":3,"href":"https:\/\/www.djk-erlangen.de\/fussball\/index.php?rest_route=\/wp\/v2\/posts\/9633\/revisions"}],"predecessor-version":[{"id":9635,"href":"https:\/\/www.djk-erlangen.de\/fussball\/index.php?rest_route=\/wp\/v2\/posts\/9633\/revisions\/9635"}],"wp:attachment":[{"href":"https:\/\/www.djk-erlangen.de\/fussball\/index.php?rest_route=%2Fwp%2Fv2%2Fmedia&parent=9633"}],"wp:term":[{"taxonomy":"category","embeddable":true,"href":"https:\/\/www.djk-erlangen.de\/fussball\/index.php?rest_route=%2Fwp%2Fv2%2Fcategories&post=9633"},{"taxonomy":"post_tag","embeddable":true,"href":"https:\/\/www.djk-erlangen.de\/fussball\/index.php?rest_route=%2Fwp%2Fv2%2Ftags&post=9633"}],"curies":[{"name":"wp","href":"https:\/\/api.w.org\/{rel}","templated":true}]}}