{"id":9496,"date":"2012-10-05T21:25:37","date_gmt":"2012-10-05T19:25:37","guid":{"rendered":"http:\/\/www.djk-erlangen.de\/fussball\/?p=9496"},"modified":"2012-10-05T21:25:37","modified_gmt":"2012-10-05T19:25:37","slug":"e2-kassiert-dampfer","status":"publish","type":"post","link":"https:\/\/www.djk-erlangen.de\/fussball\/?p=9496","title":{"rendered":"E2 kassiert D\u00e4mpfer"},"content":{"rendered":"<p>Nach einem tollen Saisonstart, wollte man heute in die 2. Saisonh\u00e4lfte mit einem weiteren Dreier\u00a0gegen die Spieli\u00a0starten. Doch das in dieser Gruppe alles m\u00f6glich ist, sollte sich heute f\u00fcr uns bewahrheiten.<!--more--><\/p>\n<p>Bei sch\u00f6nem Herbstwetter und nach der obligatorischen Erw\u00e4rmung ert\u00f6nte \u00fcberp\u00fcnktlich der Anpfiff. Es\u00a0begann ein abwechslungsreiches Spiel, vorerst ohne zwingende Torchancen auf beiden Seiten.\u00a0Doch sukzessive\u00a0gewannen unsere Wiesenwegbuben\u00a0mit gutem Kombinationsspiel etwas mehr Spielanteile, auch der Ball kam dem gegnerischem Tor langsam immer n\u00e4her. Gerade in der Phase wo die zahlreichen Zuschauer den ersten Treffer herbeisehnten, schlug die Spieli \u00fcberraschend in der 18 Minute zu. 0:1, das erste\u00a0Mal in dieser Saison f\u00fcr uns. Nun wollten unsere Jungs das ganz schnell ausgleichen und fingen sich promt 2 Minuten sp\u00e4ter\u00a0einen Konter. Nach diesem Doppelschlag waren auf einmal jedes Selbstvertrauen, das Kombinationsspiel und der Kampfeswille wie weggeblasen. Das nutzten unser G\u00e4ste weidlich aus und legten uns noch 2 Mal die Kugel bis zum hei\u00df herbeigesehnten Pausenpfiff ins Netz.<\/p>\n<p>Nach dem Wiederanpfiff dr\u00fcckten unsere Jungs, frisch eingestellt von Trainer Deniz gleich aufs Tempo, doch die Einschu\u00dfchancen wurden nicht genutzt. Mal war das Tor &#8222;zu klein&#8220;, mal wurde der Abschlu\u00df nicht gesucht oder der\u00a0letzte Pa\u00df konnte nicht z\u00e4hlbar verwertet werden.\u00a0Dagegen gelang den G\u00e4sten heute nahezu alles. So kassierten wir 2 weitere Treffer, bevor 10 Minuten vor Schlu\u00df Manu unseren Ehrentreffer erzielte. Die G\u00e4ste stellten kurz vor Schlu\u00df dann noch\u00a0den 1:7 Endstand her.<\/p>\n<p>So schlich man dann nach der schlechtesten Saisonleistung ziemlich bedr\u00f6ppelt in die Kabine, unsere G\u00e4ste jedoch konnten das Ergebnis nach Ihrer besten Saisonleistung kaum fassen. Heute hat uns nicht nur etwas Gl\u00fcck gefehlt, hier mu\u00df wieder der Biss, der Torhunger und der unbedingte Siegeswille in die gesamte Mannschaft zur\u00fcckkehren. Das zu sehen, darauf freuen sich die Fans beim n\u00e4chsten Spiel.<\/p>\n<p>&nbsp;<\/p>\n<p>DJK Aufgebot:<\/p>\n<p>Koray, Jojo(C), Alex, Dominik, Florian, Rick, Ermal, Lino, Manu, Luis, Jonas<\/p>\n<p>&nbsp;<\/p>\n<p>Tore:<\/p>\n<p>Manu (1)<\/p>\n","protected":false},"excerpt":{"rendered":"<p>Nach einem tollen Saisonstart, wollte man heute in die 2. Saisonh\u00e4lfte mit einem weiteren Dreier\u00a0gegen die Spieli\u00a0starten. Doch das in dieser Gruppe alles m\u00f6glich ist, sollte sich heute f\u00fcr uns bewahrheiten.<\/p>\n","protected":false},"author":35,"featured_media":0,"comment_status":"open","ping_status":"closed","sticky":false,"template":"","format":"standard","meta":{"jetpack_post_was_ever_published":false,"_jetpack_newsletter_access":"","_jetpack_dont_email_post_to_subs":false,"_jetpack_newsletter_tier_id":0,"_jetpack_memberships_contains_paywalled_content":false,"_jetpack_memberships_contains_paid_content":false,"footnotes":"","jetpack_publicize_message":"","jetpack_publicize_feature_enabled":true,"jetpack_social_post_already_shared":false,"jetpack_social_options":{"image_generator_settings":{"template":"highway","default_image_id":0,"font":"","enabled":false},"version":2}},"categories":[26],"tags":[],"class_list":["post-9496","post","type-post","status-publish","format-standard","hentry","category-u11-e2"],"jetpack_publicize_connections":[],"jetpack_featured_media_url":"","jetpack_shortlink":"https:\/\/wp.me\/p2ZUr0-2ta","jetpack_sharing_enabled":true,"_links":{"self":[{"href":"https:\/\/www.djk-erlangen.de\/fussball\/index.php?rest_route=\/wp\/v2\/posts\/9496","targetHints":{"allow":["GET"]}}],"collection":[{"href":"https:\/\/www.djk-erlangen.de\/fussball\/index.php?rest_route=\/wp\/v2\/posts"}],"about":[{"href":"https:\/\/www.djk-erlangen.de\/fussball\/index.php?rest_route=\/wp\/v2\/types\/post"}],"author":[{"embeddable":true,"href":"https:\/\/www.djk-erlangen.de\/fussball\/index.php?rest_route=\/wp\/v2\/users\/35"}],"replies":[{"embeddable":true,"href":"https:\/\/www.djk-erlangen.de\/fussball\/index.php?rest_route=%2Fwp%2Fv2%2Fcomments&post=9496"}],"version-history":[{"count":4,"href":"https:\/\/www.djk-erlangen.de\/fussball\/index.php?rest_route=\/wp\/v2\/posts\/9496\/revisions"}],"predecessor-version":[{"id":9500,"href":"https:\/\/www.djk-erlangen.de\/fussball\/index.php?rest_route=\/wp\/v2\/posts\/9496\/revisions\/9500"}],"wp:attachment":[{"href":"https:\/\/www.djk-erlangen.de\/fussball\/index.php?rest_route=%2Fwp%2Fv2%2Fmedia&parent=9496"}],"wp:term":[{"taxonomy":"category","embeddable":true,"href":"https:\/\/www.djk-erlangen.de\/fussball\/index.php?rest_route=%2Fwp%2Fv2%2Fcategories&post=9496"},{"taxonomy":"post_tag","embeddable":true,"href":"https:\/\/www.djk-erlangen.de\/fussball\/index.php?rest_route=%2Fwp%2Fv2%2Ftags&post=9496"}],"curies":[{"name":"wp","href":"https:\/\/api.w.org\/{rel}","templated":true}]}}