{"id":9478,"date":"2012-09-29T21:01:47","date_gmt":"2012-09-29T19:01:47","guid":{"rendered":"http:\/\/www.djk-erlangen.de\/fussball\/?p=9478"},"modified":"2012-09-29T21:01:47","modified_gmt":"2012-09-29T19:01:47","slug":"e2-verteidigt-tabellenfuhrung","status":"publish","type":"post","link":"https:\/\/www.djk-erlangen.de\/fussball\/?p=9478","title":{"rendered":"E2 verteidigt Tabellenf\u00fchrung"},"content":{"rendered":"<p>Bei tollem Fu\u00dfballwetter pilgerte der zusammengschrumpfte E2 Kader nach Baiersdorf, wo der gleichnamige SV auf uns wartete. Da der Gegener uns bisher unbekannt war, lagen eine gewisse Spannung und Neugier in der Luft. \u00a0Die Sportanlage jedenfalls pr\u00e4sentierte sich sehr gepflegt, jedoch arbeiteten noch nicht die Versorgungseinrichtungen f\u00fcr das Publikum. Auch unsere Gastgeber hatten mit einen schrumpfenden Kader zu k\u00e4mpfen. Nach der obligatorischen<!--more--><\/p>\n<p>Erw\u00e4rmung auf dem feuchten Gr\u00fcn begann die Partie. Unsere Wiesenwegbuben \u00fcbernahmen praktisch mit dem Anpfiff die Regie und wirbelten den Gegner in alter &#8222;Wiesenwegbrasilianer&#8220; Manier erstmal kr\u00e4ftig durcheinander. In der 2. Minute hatten wir die erste Gro\u00dfchance, die jedoch noch nicht den Weg in die Maschen fand. Das passierte dann 1 Minute sp\u00e4ter. Unser Gegner war uns heute praktisch in allen Belangen unterlegen, es wurde munter kombiniert und sich\u00a0im Minutentakt Chancen erarbeitet. Die tapfer und aufopferungsvoll k\u00e4mpfenden Baiersdorfer inspizierten zum ersten Mal nach ca. 10 min unsere Strafraumlinie, um dann jedoch umgehend wieder in ihre H\u00e4lfte zugedr\u00e4ngt zu werden. Das \u00e4nderte sich auch nicht mit zunehmender Spieldauer, es bleib bei\u00a0gelegentlichen Besuchen, lediglich ein gute Chance\u00a0konnte in Halbzeit 1\u00a0von den Gastgebern herausgespielt werden.<\/p>\n<p>In regelm\u00e4\u00dfigen Abst\u00e4nden schlug es nun im Baiersdorfer Kasten ein. Nur dem sehr gut\u00a0parierenden Torh\u00fcter der Gastgeber ist es zu verdanken, das das Spiel nicht noch h\u00f6her verloren ging. Am Ende der sehr fair gef\u00fchrten\u00a0Partie stand ein 0:10 in den B\u00fcchern.<\/p>\n<p>Das abschlie\u00dfende 8m Schie\u00dfen ging dann auch noch 0:4 f\u00fcr uns aus.<\/p>\n<p>&nbsp;<\/p>\n<p>DJK Aufgebot:<\/p>\n<p>Jojo (C), Koray, Alex, Dominik, Jonas, Ermal, Rick, Manu, Florian<\/p>\n<p>&nbsp;<\/p>\n<p>Tore (die best\u00e4tigt dem Berichterstatter vorliegen).<\/p>\n<p>Manu (4), Rick(2), Alex(2)<\/p>\n","protected":false},"excerpt":{"rendered":"<p>Bei tollem Fu\u00dfballwetter pilgerte der zusammengschrumpfte E2 Kader nach Baiersdorf, wo der gleichnamige SV auf uns wartete. Da der Gegener uns bisher unbekannt war, lagen eine gewisse Spannung und Neugier in der Luft. \u00a0Die Sportanlage jedenfalls pr\u00e4sentierte sich sehr gepflegt, &hellip; <a href=\"https:\/\/www.djk-erlangen.de\/fussball\/?p=9478\">Weiterlesen <span class=\"meta-nav\">&rarr;<\/span><\/a><\/p>\n","protected":false},"author":35,"featured_media":0,"comment_status":"open","ping_status":"closed","sticky":false,"template":"","format":"standard","meta":{"jetpack_post_was_ever_published":false,"_jetpack_newsletter_access":"","_jetpack_dont_email_post_to_subs":false,"_jetpack_newsletter_tier_id":0,"_jetpack_memberships_contains_paywalled_content":false,"_jetpack_memberships_contains_paid_content":false,"footnotes":"","jetpack_publicize_message":"","jetpack_publicize_feature_enabled":true,"jetpack_social_post_already_shared":false,"jetpack_social_options":{"image_generator_settings":{"template":"highway","default_image_id":0,"font":"","enabled":false},"version":2}},"categories":[26],"tags":[],"class_list":["post-9478","post","type-post","status-publish","format-standard","hentry","category-u11-e2"],"jetpack_publicize_connections":[],"jetpack_featured_media_url":"","jetpack_shortlink":"https:\/\/wp.me\/p2ZUr0-2sS","jetpack_sharing_enabled":true,"_links":{"self":[{"href":"https:\/\/www.djk-erlangen.de\/fussball\/index.php?rest_route=\/wp\/v2\/posts\/9478","targetHints":{"allow":["GET"]}}],"collection":[{"href":"https:\/\/www.djk-erlangen.de\/fussball\/index.php?rest_route=\/wp\/v2\/posts"}],"about":[{"href":"https:\/\/www.djk-erlangen.de\/fussball\/index.php?rest_route=\/wp\/v2\/types\/post"}],"author":[{"embeddable":true,"href":"https:\/\/www.djk-erlangen.de\/fussball\/index.php?rest_route=\/wp\/v2\/users\/35"}],"replies":[{"embeddable":true,"href":"https:\/\/www.djk-erlangen.de\/fussball\/index.php?rest_route=%2Fwp%2Fv2%2Fcomments&post=9478"}],"version-history":[{"count":3,"href":"https:\/\/www.djk-erlangen.de\/fussball\/index.php?rest_route=\/wp\/v2\/posts\/9478\/revisions"}],"predecessor-version":[{"id":9481,"href":"https:\/\/www.djk-erlangen.de\/fussball\/index.php?rest_route=\/wp\/v2\/posts\/9478\/revisions\/9481"}],"wp:attachment":[{"href":"https:\/\/www.djk-erlangen.de\/fussball\/index.php?rest_route=%2Fwp%2Fv2%2Fmedia&parent=9478"}],"wp:term":[{"taxonomy":"category","embeddable":true,"href":"https:\/\/www.djk-erlangen.de\/fussball\/index.php?rest_route=%2Fwp%2Fv2%2Fcategories&post=9478"},{"taxonomy":"post_tag","embeddable":true,"href":"https:\/\/www.djk-erlangen.de\/fussball\/index.php?rest_route=%2Fwp%2Fv2%2Ftags&post=9478"}],"curies":[{"name":"wp","href":"https:\/\/api.w.org\/{rel}","templated":true}]}}