{"id":9464,"date":"2012-09-23T21:00:10","date_gmt":"2012-09-23T19:00:10","guid":{"rendered":"http:\/\/www.djk-erlangen.de\/fussball\/?p=9464"},"modified":"2012-09-23T22:28:31","modified_gmt":"2012-09-23T20:28:31","slug":"asv-weisendorf-ah-djk-erlangen-ah-24-samstag-22-september-2012-1700h","status":"publish","type":"post","link":"https:\/\/www.djk-erlangen.de\/fussball\/?p=9464","title":{"rendered":"ASV Weisendorf AH &#8211; DJK Erlangen AH .:. <strong>2:4<\/strong> .:.<h5>Samstag, 22. September 2012, 17:00h<\/h5>"},"content":{"rendered":"<p><strong>Endlich &#8230; ist er da, der erste Sieg!!!<\/strong><br \/>\nDazu haben wir 10 Spiele absolvieren m\u00fcssen.<\/p>\n<p>Und wie wir diesen Sieg geholt haben, war schon &#8222;erste Sahne&#8220;.<\/p>\n<p>Wir mussten nach den letzten verletzungsbedingten Ausf\u00e4llen mal wieder mit einem zahlenm\u00e4\u00dfig sehr kleinen Kader anreisen. Allerdings konnten wir endlich wieder auf unsere Kollegen Robert G. und Rainer S. zur\u00fcckgreifen, die sich nach ihren schweren und lang andauernden Knieverletzungen k\u00f6rperlich topfit pr\u00e4sentierten. Desweiteren hatte sich unser Stellvertreter-Coach Matze E. einige taktische \u00dcberraschungen \u00fcberlegt (z.B. unseren &#8222;Abwehrh\u00fcnen&#8220; Volker W. in den Sturm beordert), die sich am Ende als sehr erfolgreich herausstellen sollten.<\/p>\n<p><!--more-->Zu Beginn machten sich die Ver\u00e4nderungen allerdings eher negativ bemerkbar, d.h. es fehlte noch die n\u00f6tige Abstimmung und Passgenauigkeit. Dadurch kam der ASV Weisendorf zu einigen Torchancen, die man eiskalt zur 2:0-Pausenf\u00fchrung nutzte.<\/p>\n<p>Danach wurden wir allerdings immer sicherer, das Defensivverhalten aller Mannschaftsteile wurde deutlich besser und vor allem wurden immer gef\u00e4hrlichere Angriffe vorgetragen, die den Gegner unter Druck setzten. Zwangsl\u00e4ufig f\u00fchrte diese Spielweise zu guten Chancen und letztendlich auch zu Toren.<br \/>\nDurch die Disziplin (wirklich!), die Laufbereitschaft und den Einsatzwillen aller\u00a012 eingesetzten Spieler bis zum Abpfiff gelang es uns, einen 0:2-R\u00fcckstand in einen \u00fcberzeugenden 4:2-Ausw\u00e4rtssieg umzubiegen.<\/p>\n<p>Diese tolle und disziplinierte Mannschaftsleistung sollte uns als Beispiel f\u00fcr zuk\u00fcnftige Spiele dienen und auch wieder das n\u00f6tige Selbstvertrauen zur\u00fcckbringen.<\/p>\n<p>&nbsp;<\/p>\n","protected":false},"excerpt":{"rendered":"<p>Endlich &#8230; ist er da, der erste Sieg!!! Dazu haben wir 10 Spiele absolvieren m\u00fcssen. Und wie wir diesen Sieg geholt haben, war schon &#8222;erste Sahne&#8220;. Wir mussten nach den letzten verletzungsbedingten Ausf\u00e4llen mal wieder mit einem zahlenm\u00e4\u00dfig sehr kleinen &hellip; <a href=\"https:\/\/www.djk-erlangen.de\/fussball\/?p=9464\">Weiterlesen <span class=\"meta-nav\">&rarr;<\/span><\/a><\/p>\n","protected":false},"author":3,"featured_media":0,"comment_status":"open","ping_status":"closed","sticky":false,"template":"","format":"standard","meta":{"jetpack_post_was_ever_published":false,"_jetpack_newsletter_access":"","_jetpack_dont_email_post_to_subs":false,"_jetpack_newsletter_tier_id":0,"_jetpack_memberships_contains_paywalled_content":false,"_jetpack_memberships_contains_paid_content":false,"footnotes":"","jetpack_publicize_message":"","jetpack_publicize_feature_enabled":true,"jetpack_social_post_already_shared":false,"jetpack_social_options":{"image_generator_settings":{"template":"highway","default_image_id":0,"font":"","enabled":false},"version":2}},"categories":[4],"tags":[],"class_list":["post-9464","post","type-post","status-publish","format-standard","hentry","category-ah"],"jetpack_publicize_connections":[],"jetpack_featured_media_url":"","jetpack_shortlink":"https:\/\/wp.me\/p2ZUr0-2sE","jetpack_sharing_enabled":true,"_links":{"self":[{"href":"https:\/\/www.djk-erlangen.de\/fussball\/index.php?rest_route=\/wp\/v2\/posts\/9464","targetHints":{"allow":["GET"]}}],"collection":[{"href":"https:\/\/www.djk-erlangen.de\/fussball\/index.php?rest_route=\/wp\/v2\/posts"}],"about":[{"href":"https:\/\/www.djk-erlangen.de\/fussball\/index.php?rest_route=\/wp\/v2\/types\/post"}],"author":[{"embeddable":true,"href":"https:\/\/www.djk-erlangen.de\/fussball\/index.php?rest_route=\/wp\/v2\/users\/3"}],"replies":[{"embeddable":true,"href":"https:\/\/www.djk-erlangen.de\/fussball\/index.php?rest_route=%2Fwp%2Fv2%2Fcomments&post=9464"}],"version-history":[{"count":6,"href":"https:\/\/www.djk-erlangen.de\/fussball\/index.php?rest_route=\/wp\/v2\/posts\/9464\/revisions"}],"predecessor-version":[{"id":9470,"href":"https:\/\/www.djk-erlangen.de\/fussball\/index.php?rest_route=\/wp\/v2\/posts\/9464\/revisions\/9470"}],"wp:attachment":[{"href":"https:\/\/www.djk-erlangen.de\/fussball\/index.php?rest_route=%2Fwp%2Fv2%2Fmedia&parent=9464"}],"wp:term":[{"taxonomy":"category","embeddable":true,"href":"https:\/\/www.djk-erlangen.de\/fussball\/index.php?rest_route=%2Fwp%2Fv2%2Fcategories&post=9464"},{"taxonomy":"post_tag","embeddable":true,"href":"https:\/\/www.djk-erlangen.de\/fussball\/index.php?rest_route=%2Fwp%2Fv2%2Ftags&post=9464"}],"curies":[{"name":"wp","href":"https:\/\/api.w.org\/{rel}","templated":true}]}}