{"id":9449,"date":"2012-09-22T18:27:24","date_gmt":"2012-09-22T16:27:24","guid":{"rendered":"http:\/\/www.djk-erlangen.de\/fussball\/?p=9449"},"modified":"2012-09-22T18:27:24","modified_gmt":"2012-09-22T16:27:24","slug":"verkehrte-welt-zum-herbstanfang","status":"publish","type":"post","link":"https:\/\/www.djk-erlangen.de\/fussball\/?p=9449","title":{"rendered":"verkehrte Welt zum Herbstanfang"},"content":{"rendered":"<p>Zu unserem ersten Heimspiel zur neuen Ansto\u00dfzeit war der TSV R\u00f6ttenbach\/ERH zu Gast am Wiesenweg.<\/p>\n<p><!--more-->Von der ersten Minute an zeigten die Wiesenwegbuben wer hier Herr im Haus ist. Nur wurde unsere eklatante Abschlu\u00dfschw\u00e4che auch in dieser einseitigen Partie bitterlich bestraft.<br \/>\nIn der 4 Minute wurde der Ball im Mittelfeld nicht anst\u00e4ndig abgespielt und der Gast staubte zur v\u00f6llig \u00fcberraschenden F\u00fchrung ab. Das war auch der erste Ballkontakt \u00fcberhaupt f\u00fcr die G\u00e4ste!<\/p>\n<p>Von nun an spielten wir druckvoller nach vorne und schn\u00fcrten den Gast in deren Spielh\u00e4lfte v\u00f6llig ein. B\u00e4lle \u00fcber die Mittellinie wurden wenn \u00fcberhaupt nur durch deren sehr guten Torh\u00fcter geschlagen.<br \/>\nin der 25. Minute dann Vorteil f\u00fcr die Wiesenwegbuben. Jedoch wurde der Ecksto\u00df nicht so gespielt wie im Training ge\u00fcbt und so erh\u00f6hten die G\u00e4ste durch einen Gegensto\u00df mit dem Pausenpfiff auf 2:0<\/p>\n<p>Nach der Pause dann das gleiche Spiel! Gef\u00fchlte 95% Ballbesitz f\u00fcr die Weich Sch\u00fctzlinge aber immer noch kein eigenes Tor erzielt. Vielmehr wurden wir jetzt auch noch eiskalt erwischt und v\u00f6llig aus dem Nichts erh\u00f6hte der Gast auf 3:0.<\/p>\n<p>Erst jetzt wo wir auf der Verliererstra\u00dfe waren wurde das Visier nach justiert und das Ergebnis durch einen Doppelschlag von Arijan in der 44. und 45. Minute korrigiert. In den verbleibenden Spielminuten ist es uns leider nicht mehr gelungen das Spiel noch zu drehen und so ging auch die zweite Partie der noch jungen Saison ohne Punkte f\u00fcr uns zu Ende.<\/p>\n<p>Den zahlreichen Kibitzen um das Gel\u00e4nde wurde heute deutlich aufgezeigt, was eine alte Fu\u00dfballwahrheit behauptet: <em>&#8222;Fu\u00dfball kann so grausam sein&#8220;!<\/em><\/p>\n<p>In diesem Sinne schauen wir positiv nach vorne und werden versuchen im n\u00e4chsten Spiel dann die n\u00f6tigen Punkte einzufahren, zumal wir ja wie zum Saisonauftakt die klar bessere Mannschaft waren.<\/p>\n<p>DJK Aufgebot:<br \/>\nLuis; Hannes; Daniel; Oliver; Lorenz; Konstantin; Benedikt; Ben; Arijan, Tim<\/p>\n<p>&nbsp;<\/p>\n","protected":false},"excerpt":{"rendered":"<p>Zu unserem ersten Heimspiel zur neuen Ansto\u00dfzeit war der TSV R\u00f6ttenbach\/ERH zu Gast am Wiesenweg.<\/p>\n","protected":false},"author":32,"featured_media":0,"comment_status":"open","ping_status":"closed","sticky":false,"template":"","format":"standard","meta":{"jetpack_post_was_ever_published":false,"_jetpack_newsletter_access":"","_jetpack_dont_email_post_to_subs":false,"_jetpack_newsletter_tier_id":0,"_jetpack_memberships_contains_paywalled_content":false,"_jetpack_memberships_contains_paid_content":false,"footnotes":"","jetpack_publicize_message":"","jetpack_publicize_feature_enabled":true,"jetpack_social_post_already_shared":false,"jetpack_social_options":{"image_generator_settings":{"template":"highway","default_image_id":0,"font":"","enabled":false},"version":2}},"categories":[8],"tags":[],"class_list":["post-9449","post","type-post","status-publish","format-standard","hentry","category-u11-e1"],"jetpack_publicize_connections":[],"jetpack_featured_media_url":"","jetpack_shortlink":"https:\/\/wp.me\/p2ZUr0-2sp","jetpack_sharing_enabled":true,"_links":{"self":[{"href":"https:\/\/www.djk-erlangen.de\/fussball\/index.php?rest_route=\/wp\/v2\/posts\/9449","targetHints":{"allow":["GET"]}}],"collection":[{"href":"https:\/\/www.djk-erlangen.de\/fussball\/index.php?rest_route=\/wp\/v2\/posts"}],"about":[{"href":"https:\/\/www.djk-erlangen.de\/fussball\/index.php?rest_route=\/wp\/v2\/types\/post"}],"author":[{"embeddable":true,"href":"https:\/\/www.djk-erlangen.de\/fussball\/index.php?rest_route=\/wp\/v2\/users\/32"}],"replies":[{"embeddable":true,"href":"https:\/\/www.djk-erlangen.de\/fussball\/index.php?rest_route=%2Fwp%2Fv2%2Fcomments&post=9449"}],"version-history":[{"count":1,"href":"https:\/\/www.djk-erlangen.de\/fussball\/index.php?rest_route=\/wp\/v2\/posts\/9449\/revisions"}],"predecessor-version":[{"id":9450,"href":"https:\/\/www.djk-erlangen.de\/fussball\/index.php?rest_route=\/wp\/v2\/posts\/9449\/revisions\/9450"}],"wp:attachment":[{"href":"https:\/\/www.djk-erlangen.de\/fussball\/index.php?rest_route=%2Fwp%2Fv2%2Fmedia&parent=9449"}],"wp:term":[{"taxonomy":"category","embeddable":true,"href":"https:\/\/www.djk-erlangen.de\/fussball\/index.php?rest_route=%2Fwp%2Fv2%2Fcategories&post=9449"},{"taxonomy":"post_tag","embeddable":true,"href":"https:\/\/www.djk-erlangen.de\/fussball\/index.php?rest_route=%2Fwp%2Fv2%2Ftags&post=9449"}],"curies":[{"name":"wp","href":"https:\/\/api.w.org\/{rel}","templated":true}]}}