{"id":9370,"date":"2012-09-14T23:05:30","date_gmt":"2012-09-14T21:05:30","guid":{"rendered":"http:\/\/www.djk-erlangen.de\/fussball\/?p=9370"},"modified":"2012-09-16T20:20:27","modified_gmt":"2012-09-16T18:20:27","slug":"erfolgreicher-saisonstart-der-e2","status":"publish","type":"post","link":"https:\/\/www.djk-erlangen.de\/fussball\/?p=9370","title":{"rendered":"Erfolgreicher Saisonstart der E2"},"content":{"rendered":"<p>Unser erstes Saisonspiel absolvierten wir beim 1. FC Herzogenaurach, bisher immer ein Garant f\u00fcr spannende Spiele. Nachdem p\u00fcnktlich alle Akteure versammelt und umgezogen waren, machten wir erstmal eine kleine Rundtour auf dem FCH Sportgel\u00e4nde, bis man sich dann f\u00fcr ein Spielfeld entschieden hatte.\u00a0Nachdem dann noch ein paar Tore herbeigeschafft waren, ert\u00f6nte mit leichter Versp\u00e4tung endlich der Anpfiff.<\/p>\n<p><!--more-->Nach der\u00a0Systemumstellung und der sehr guten Leistung in der gestrigen Trainingseinheit waren Trainer und Zuschauer auf das Spiel echt gespannt. Druckvoll begannen unsere Wiesenwegbuben und hatten auch in der 1. Minute gleich eine Torchance. Wie setzten uns in der H\u00e4lfte der Gastgeber fest, leider fehlte noch etwas Pr\u00e4zision beim letzten Zuspiel. So sahen die Zuschauer ein unterhaltsames Spiel.<\/p>\n<p>Nach fr\u00fchem Vorchecking kam dann in der 10. Minute der Ball zu Manu, der diesen \u00fcberlegt am Schlu\u00dfmann der Gastgeber zum 0:1 in Tor spitzelte. So bekamen unsere Jungs langsam etwas mehr Sicherheit und dr\u00e4ngten auf den 2. Treffer, doch auch unsere Gastgeber kamen gelegentlich gef\u00e4hrlich vor unser Tor. Die gemeinsame Defensivarbeit aller Feldspieler, Torwart und auch etwas Gl\u00fcck lie\u00dfen den Ball nicht in unsere Maschen. Mit diesem Spielstand ging es dann auch in die Pause.<\/p>\n<p>Nach der Pause startete der FCH w\u00fctende Angriffe, man merkte, dass dieser R\u00fcckstand eleminiert werden sollte. Wir hatten teilweise Probleme, aus unserer H\u00e4lfte herauszukommen. Mitten in der st\u00e4rksten Drangphase der Gastgeber starteten wir einen Konter \u00fcber unseren Tim auf der rechten Seite. Tim flankte den Ball Millimetergenau vor das Tor auf Manu, der gar nicht anders konnte, als den Ball rechts oben in die Maschen zu bef\u00f6rdern. Das 0:2 in der 35. Minute\u00a0hatte dann eine befreiende Wirkung. Wir erk\u00e4mpften uns die Feld\u00fcberlegenheit zur\u00fcck und die Zuschauer sahen nun fast eine Kopie vom Beginn der Partie. In der 42. Minute bedankte sich nun Manu f\u00fcr die bisherigen Vorlagen mit einem sch\u00f6nen Querpa\u00df vor dem Tor\u00a0auf den freistehenden Rick, der diesen Ball zum entscheidenden 0:3 versenkte.\u00a0In den\u00a0restlichen Minuten wurde dann nochmal durchgewechselt und locker zu Ende gespielt.<\/p>\n<p>Heute war gegen unsere Defensivarbeit und unseren sicheren Schlu\u00dfmann Koray kein Kraut gewachsen.\u00a0Die ganze Mannschaft hat mit vollem Einsatz gek\u00e4mpft und kombiniert (ja wirklich). Auch wenn nicht jedes Zuspiel ankam, waren Trainer und Zuschauer stolz auf unsere Wiesenwegbuben. Morgen w\u00fcnschen wir unserer E1 ein \u00e4hnliches Ergebnis beim FCH.<\/p>\n<p>&nbsp;<\/p>\n<p>DJK Aufgebot:<\/p>\n<p>Koray, Manu, Ermal, Rick, Tim, Alex, Jojo, Momo, Lino, Florian, David<\/p>\n<p>&nbsp;<\/p>\n<p>Tore:<\/p>\n<p>Manu (2), Rick (1)<\/p>\n","protected":false},"excerpt":{"rendered":"<p>Unser erstes Saisonspiel absolvierten wir beim 1. FC Herzogenaurach, bisher immer ein Garant f\u00fcr spannende Spiele. Nachdem p\u00fcnktlich alle Akteure versammelt und umgezogen waren, machten wir erstmal eine kleine Rundtour auf dem FCH Sportgel\u00e4nde, bis man sich dann f\u00fcr ein &hellip; <a href=\"https:\/\/www.djk-erlangen.de\/fussball\/?p=9370\">Weiterlesen <span class=\"meta-nav\">&rarr;<\/span><\/a><\/p>\n","protected":false},"author":35,"featured_media":0,"comment_status":"open","ping_status":"closed","sticky":false,"template":"","format":"standard","meta":{"jetpack_post_was_ever_published":false,"_jetpack_newsletter_access":"","_jetpack_dont_email_post_to_subs":false,"_jetpack_newsletter_tier_id":0,"_jetpack_memberships_contains_paywalled_content":false,"_jetpack_memberships_contains_paid_content":false,"footnotes":"","jetpack_publicize_message":"","jetpack_publicize_feature_enabled":true,"jetpack_social_post_already_shared":false,"jetpack_social_options":{"image_generator_settings":{"template":"highway","default_image_id":0,"font":"","enabled":false},"version":2}},"categories":[26],"tags":[],"class_list":["post-9370","post","type-post","status-publish","format-standard","hentry","category-u11-e2"],"jetpack_publicize_connections":[],"jetpack_featured_media_url":"","jetpack_shortlink":"https:\/\/wp.me\/p2ZUr0-2r8","jetpack_sharing_enabled":true,"_links":{"self":[{"href":"https:\/\/www.djk-erlangen.de\/fussball\/index.php?rest_route=\/wp\/v2\/posts\/9370","targetHints":{"allow":["GET"]}}],"collection":[{"href":"https:\/\/www.djk-erlangen.de\/fussball\/index.php?rest_route=\/wp\/v2\/posts"}],"about":[{"href":"https:\/\/www.djk-erlangen.de\/fussball\/index.php?rest_route=\/wp\/v2\/types\/post"}],"author":[{"embeddable":true,"href":"https:\/\/www.djk-erlangen.de\/fussball\/index.php?rest_route=\/wp\/v2\/users\/35"}],"replies":[{"embeddable":true,"href":"https:\/\/www.djk-erlangen.de\/fussball\/index.php?rest_route=%2Fwp%2Fv2%2Fcomments&post=9370"}],"version-history":[{"count":6,"href":"https:\/\/www.djk-erlangen.de\/fussball\/index.php?rest_route=\/wp\/v2\/posts\/9370\/revisions"}],"predecessor-version":[{"id":9381,"href":"https:\/\/www.djk-erlangen.de\/fussball\/index.php?rest_route=\/wp\/v2\/posts\/9370\/revisions\/9381"}],"wp:attachment":[{"href":"https:\/\/www.djk-erlangen.de\/fussball\/index.php?rest_route=%2Fwp%2Fv2%2Fmedia&parent=9370"}],"wp:term":[{"taxonomy":"category","embeddable":true,"href":"https:\/\/www.djk-erlangen.de\/fussball\/index.php?rest_route=%2Fwp%2Fv2%2Fcategories&post=9370"},{"taxonomy":"post_tag","embeddable":true,"href":"https:\/\/www.djk-erlangen.de\/fussball\/index.php?rest_route=%2Fwp%2Fv2%2Ftags&post=9370"}],"curies":[{"name":"wp","href":"https:\/\/api.w.org\/{rel}","templated":true}]}}